{"id":83694,"date":"2022-10-14T23:11:52","date_gmt":"2022-10-15T02:11:52","guid":{"rendered":"https:\/\/laurbedigital.com.ar\/noticias\/?p=83694"},"modified":"2022-10-14T23:11:52","modified_gmt":"2022-10-15T02:11:52","slug":"lograron-identificar-como-evoluciona-el-dolor-de-cabeza","status":"publish","type":"post","link":"https:\/\/laurbedigital.com.ar\/noticias\/2022\/10\/14\/lograron-identificar-como-evoluciona-el-dolor-de-cabeza\/","title":{"rendered":"Lograron identificar c\u00f3mo evoluciona el dolor de cabeza"},"content":{"rendered":"<p>&nbsp;<\/p>\n<h6><strong>Un equipo de investigadores e investigadoras de universidades espa\u00f1olas\u00a0recogieron datos con una aplicaci\u00f3n m\u00f3vil y de aprendizaje autom\u00e1tico, una rama de la inteligencia artificial, para\u00a0conocer en detalle las caracter\u00edsticas de la migra\u00f1a,\u00a0una de las enfermedades neurol\u00f3gicas m\u00e1s discapacitantes.<\/strong><\/h6>\n<p>Un equipo de investigadores de la Universidad Complutense, la Universidad Polit\u00e9cnica de Madrid (UPN) y el Servicio de Neurolog\u00eda del Hospital Universitario de la Princesa, de la misma ciudad, consiguieron clasificar en cuatro tipos la morfolog\u00eda de los dolores de cabeza con datos de evoluci\u00f3n de dolor.<\/p>\n<p>Los investigadores lograron recoger los datos con una aplicaci\u00f3n m\u00f3vil y de aprendizaje autom\u00e1tico, una rama de la inteligencia artificial, y la importancia de sus resultados radica en conocer en detalle las caracter\u00edsticas del dolor, lo que ayudar\u00e1 a los profesionales sanitarios a prescribir objetivamente tratamientos personalizados para cada paciente y crisis.<\/p>\n<p>\u00abEsta metodolog\u00eda no solo permitir\u00e1 a los profesionales sanitarios realizar un mejor manejo del paciente con migra\u00f1a y mejorar su calidad de vida, sino que tambi\u00e9n podr\u00eda ser aplicada a otras enfermedades con crisis sintom\u00e1ticas como el dolor oncol\u00f3gico\u00bb, indic\u00f3 Josu\u00e9 Pag\u00e1n, investigador de la UPM que form\u00f3 parte del equipo de trabajo.<\/p>\n<p><strong>La migra\u00f1a es una de las enfermedades neurol\u00f3gicas m\u00e1s discapacitantes<\/strong> que afecta a m\u00e1s del 12% de la poblaci\u00f3n mundial, inform\u00f3 el SINC (Servicio de Informaci\u00f3n y Noticias Cient\u00edficas).<\/p>\n<p>La migra\u00f1a, adem\u00e1s de los altos costos econ\u00f3micos para los sistemas de salud p\u00fablicos y privados, es una enfermedad cr\u00f3nica que puede dar lugar a episodios de un intenso dolor de cabeza de hasta 14 d\u00edas al mes, en pacientes con una dolencia epis\u00f3dica, y m\u00e1s de 15 d\u00edas a aquellos que la tienen cronificada.<\/p>\n<p>Muchas enfermedades cr\u00f3nicas (como el dolor oncol\u00f3gico, cefaleas o crisis de migra\u00f1a) cursan con crisis de dolor sintom\u00e1tico.<\/p>\n<p>Cada una de estas crisis puede ocurrir varias veces al mes y tener particularidades, como su intensidad, duraci\u00f3n o sintomatolog\u00eda, que no son consideradas en las gu\u00edas cl\u00ednicas.<\/p>\n<p>En ese sentido, al no tenerse en cuenta el dolor de una crisis concreta puede suceder que la medicaci\u00f3n sea ineficaz y llevar al paciente a una sobremedicaci\u00f3n.<\/p>\n<p>Esos efectos indeseados podr\u00edan evitarse conociendo en detalles las caracter\u00edsticas espec\u00edficas del dolor para tratamientos personalizados.<\/p>\n<h4><strong>Tipos de migra\u00f1a seg\u00fan la evoluci\u00f3n del dolor<\/strong><\/h4>\n<p>Este estudio consigui\u00f3 clasificar los tipos de migra\u00f1a seg\u00fan c\u00f3mo evoluciona su dolor: migra\u00f1as de alta intensidad, de inicio abrupto e intenso, de larga duraci\u00f3n e intensas, y de baja intensidad.<\/p>\n<p>Esta clasificaci\u00f3n solo necesita\u00a0<strong>cuatro datos morfol\u00f3gicos de la crisis<\/strong>, como su duraci\u00f3n, o el nivel m\u00e1ximo de intensidad durante la crisis.<\/p>\n<p>Para conseguir esta categorizaci\u00f3n, los autores utilizaron datos de\u00a0<strong>344 crisis de 51 pacientes<\/strong>, quienes indicaron la evoluci\u00f3n del dolor en tiempo real, y los s\u00edntomas que aparecieron antes, durante, o al final de la crisis de dolor.<\/p>\n<p>Los autores demostraron que existen diferencias significativas con respecto a la clasificaci\u00f3n del dolor y los s\u00edntomas seg\u00fan el tipo de crisis.<\/p>\n<h4><strong>S\u00edntomas<\/strong><\/h4>\n<p>Con respecto a los s\u00edntomas durante el dolor, se destacaron las diferencias en la presencia de\u00a0<strong>n\u00e1useas<\/strong>,\u00a0<strong>sonofobia\u00a0<\/strong>(sensibilidad al ruido), y\u00a0<strong>osmofobia\u00a0<\/strong>(sensibilidad de los olores); y en los previos notificaron la dificultad para emitir lenguaje y la sensaci\u00f3n de mareo.<\/p>\n<p>Adem\u00e1s, los tipos de dolor clasificados tambi\u00e9n permiten distinguir c\u00f3mo ser\u00e1n algunos s\u00edntomas que aparecen despu\u00e9s del dolor, como el\u00a0<strong>aumento de apetito<\/strong>\u00a0o la\u00a0<strong>somnolencia<\/strong>.<\/p>\n<p>&nbsp;<\/p>\n","protected":false},"excerpt":{"rendered":"<p>&nbsp; Un equipo de investigadores e investigadoras de universidades espa\u00f1olas\u00a0recogieron datos con una aplicaci\u00f3n m\u00f3vil y de aprendizaje autom\u00e1tico, una<\/p>\n","protected":false},"author":1,"featured_media":83695,"comment_status":"closed","ping_status":"closed","sticky":false,"template":"","format":"standard","meta":{"kia_subtitle":"","footnotes":"","jetpack_publicize_message":"","jetpack_publicize_feature_enabled":true,"jetpack_social_post_already_shared":true,"jetpack_social_options":{"image_generator_settings":{"template":"highway","default_image_id":0,"font":"","enabled":false},"version":2}},"categories":[15,70],"tags":[],"class_list":["post-83694","post","type-post","status-publish","format-standard","has-post-thumbnail","hentry","category-tendencias","category-salud"],"jetpack_publicize_connections":[],"jetpack_featured_media_url":"https:\/\/laurbedigital.com.ar\/noticias\/wp-content\/uploads\/2022\/10\/20221014-Dolor-de-cabeza.jpg","_links":{"self":[{"href":"https:\/\/laurbedigital.com.ar\/noticias\/wp-json\/wp\/v2\/posts\/83694","targetHints":{"allow":["GET"]}}],"collection":[{"href":"https:\/\/laurbedigital.com.ar\/noticias\/wp-json\/wp\/v2\/posts"}],"about":[{"href":"https:\/\/laurbedigital.com.ar\/noticias\/wp-json\/wp\/v2\/types\/post"}],"author":[{"embeddable":true,"href":"https:\/\/laurbedigital.com.ar\/noticias\/wp-json\/wp\/v2\/users\/1"}],"replies":[{"embeddable":true,"href":"https:\/\/laurbedigital.com.ar\/noticias\/wp-json\/wp\/v2\/comments?post=83694"}],"version-history":[{"count":2,"href":"https:\/\/laurbedigital.com.ar\/noticias\/wp-json\/wp\/v2\/posts\/83694\/revisions"}],"predecessor-version":[{"id":83697,"href":"https:\/\/laurbedigital.com.ar\/noticias\/wp-json\/wp\/v2\/posts\/83694\/revisions\/83697"}],"wp:featuredmedia":[{"embeddable":true,"href":"https:\/\/laurbedigital.com.ar\/noticias\/wp-json\/wp\/v2\/media\/83695"}],"wp:attachment":[{"href":"https:\/\/laurbedigital.com.ar\/noticias\/wp-json\/wp\/v2\/media?parent=83694"}],"wp:term":[{"taxonomy":"category","embeddable":true,"href":"https:\/\/laurbedigital.com.ar\/noticias\/wp-json\/wp\/v2\/categories?post=83694"},{"taxonomy":"post_tag","embeddable":true,"href":"https:\/\/laurbedigital.com.ar\/noticias\/wp-json\/wp\/v2\/tags?post=83694"}],"curies":[{"name":"wp","href":"https:\/\/api.w.org\/{rel}","templated":true}]}}