{"id":83479,"date":"2023-02-26T10:47:59","date_gmt":"2023-02-26T13:47:59","guid":{"rendered":"https:\/\/laurbedigital.com.ar\/noticias\/?p=83479"},"modified":"2023-02-25T18:47:00","modified_gmt":"2023-02-25T21:47:00","slug":"influye-el-color-de-los-gatos-en-su-personalidad","status":"publish","type":"post","link":"https:\/\/laurbedigital.com.ar\/noticias\/2023\/02\/26\/influye-el-color-de-los-gatos-en-su-personalidad\/","title":{"rendered":"\u00bfInfluye el color de los gatos en su personalidad?"},"content":{"rendered":"<p>&nbsp;<\/p>\n<h6><strong>Un estudio determina que los due\u00f1os pueden tener algunas predisposiciones a relacionar ciertas conductas.<\/strong><\/h6>\n<p>Existen muchos animales que conviven con los humamos desde hace d\u00e9cadas. Entre todos ellos hay dos que sobresalen por encima del resto gracias a su forma de ser e historia com\u00fan construida con los a\u00f1os: el perro y el\u00a0gato. Adem\u00e1s, los felinos han llegado a ser considerados divinidades en algunos contextos hist\u00f3ricos.<\/p>\n<p>El\u00a0<strong>gato\u00a0<\/strong>es uno de los animales con mayores adeptos del mundo. En los \u00faltimos a\u00f1os, adem\u00e1s, ha conseguido hacerse con el control de internet gracias a sus v\u00eddeos graciosos. En ellos es posible ver miles de felinos realizando todo tipo de acciones graciosas o adorables, algo que ha conseguido un gran lavado de cara para este animal detestado por algunos.<\/p>\n<p>Por cosas as\u00ed los gatos llevan siglos entre los\u00a0<strong>humanos<\/strong>. Considerados, incluso, dioses en algunas sociedades han sido uno de los compa\u00f1eros m\u00e1s longevos de las personas. Incluso, hoy en d\u00eda su presencia en algunos hogares es toda una tradici\u00f3n gracias a su actitud.<\/p>\n<p>As\u00ed, algunos animales\u00a0forman parte de la vida de los humanos. Grandes compa\u00f1eros de las personas han creado un\u00a0<strong>v\u00ednculo\u00a0<\/strong>en muchas ocasiones sin igual que fomenta una aut\u00e9ntica simbiosis \u00fanica entre los dos seres vivos.<\/p>\n<p>As\u00ed las cosas, los felinos cuentan con muchas caracter\u00edsticas \u00fanicas aunque su forma de ser es el gran referente. Ariscos para la mayor\u00eda este mito no es aceptado por una gran parte de la poblaci\u00f3n que comparte hogar con los gatos hasta el punto de vivir\u00a0<strong>pr\u00e1cticamente toda la vida acompa\u00f1ado por uno o varios de ellos.<\/strong><\/p>\n<p>Los\u00a0<strong>gatos<\/strong>, incluso, son capaces de hacerse los reyes de un hogar. Entre sus costumbres no pasan desapercibidas las carreras nocturnas o las sesiones de lavado particular. Adem\u00e1s, estas son compartidas con los humanos que los cuidan, cada vez vas, como si de otro miembro de la casa se tratase.<\/p>\n<p>La actitud de los gatos, adem\u00e1s, siempre ha sido un tema de conversaci\u00f3n. Por ello, muchas investigaciones han tratado de acercarse a este campo. Ahora, un estudio llevado a cabo por veterinarios en Estados Unidos parece haber encontrado algunos\u00a0<strong>nexos de uni\u00f3n entre el color del pelo de los felinos y su forma de comportarse que creen los humanos.<\/strong><\/p>\n<h4 class=\"font--primary body-components__header\"><strong>El color como factor determinante<\/strong><\/h4>\n<p>Tras una gran consulta a due\u00f1os de gatos los investigadores estadounidenses establecieron que la mitad de las personas consideraba el color como clave en la\u00a0<strong>personalidad<\/strong>\u00a0de los\u00a0<strong>gatos<\/strong>. As\u00ed, seg\u00fan estos el gato\u00a0<strong>blanco\u00a0<\/strong>es tranquilo o independiente mientras que los\u00a0<strong>naranjas\u00a0<\/strong>suelen ser m\u00e1s afectuosos o perezosos. Por su parte, los\u00a0<strong>tricolores\u00a0<\/strong>se consideran intolerantes y los de dos colores afectuosos.<\/p>\n<p>Sin embargo, un estudio similar en Reino Unido encontr\u00f3 que los due\u00f1os de gatos brit\u00e1nicos ven a los\u00a0<strong>naranjas\u00a0<\/strong>como perezosos y amistosos -como los americanos- mientras que los\u00a0<strong>bicolores\u00a0<\/strong>se caracterizaban por independientes e intolerantes.<\/p>\n<p>Por ello,\u00a0<strong>los investigadores creen que es muy complicado relacionar el color con la personalidad.<\/strong> Seg\u00fan los estudiosos norteamericanos estos nexos se deben a preconcepciones culturales e hist\u00f3ricas que han forjado ciertos prejuicios hacia el color de los felinos. Por ejemplo, el color negro sigue siendo visto como algo da\u00f1ino e incluso que puede dar mala suerte.<\/p>\n<p>Uno de los mejores ejemplos que encontraron los investigadores es que tanto norteamericanos vieron que los<strong>\u00a0gatos naranjas son vistos de la misma forma<\/strong>. Esto llev\u00f3 a pensar en uno de los felinos m\u00e1s famosos de la televisi\u00f3n, Garfield, que reun\u00eda la mayor\u00eda de caracter\u00edsticas descritas por los due\u00f1os de gatos.<\/p>\n","protected":false},"excerpt":{"rendered":"<p>&nbsp; Un estudio determina que los due\u00f1os pueden tener algunas predisposiciones a relacionar ciertas conductas. Existen muchos animales que conviven<\/p>\n","protected":false},"author":1,"featured_media":83480,"comment_status":"closed","ping_status":"closed","sticky":false,"template":"","format":"standard","meta":{"kia_subtitle":"","footnotes":"","jetpack_publicize_message":"\u00bfInfluye el color de los gatos en su personalidad?","jetpack_publicize_feature_enabled":true,"jetpack_social_post_already_shared":true,"jetpack_social_options":{"image_generator_settings":{"template":"highway","default_image_id":0,"font":"","enabled":false},"version":2}},"categories":[15,69],"tags":[],"class_list":["post-83479","post","type-post","status-publish","format-standard","has-post-thumbnail","hentry","category-tendencias","category-mascotas"],"jetpack_publicize_connections":[],"jetpack_featured_media_url":"https:\/\/laurbedigital.com.ar\/noticias\/wp-content\/uploads\/2022\/10\/20221010-Gatos.jpg","_links":{"self":[{"href":"https:\/\/laurbedigital.com.ar\/noticias\/wp-json\/wp\/v2\/posts\/83479","targetHints":{"allow":["GET"]}}],"collection":[{"href":"https:\/\/laurbedigital.com.ar\/noticias\/wp-json\/wp\/v2\/posts"}],"about":[{"href":"https:\/\/laurbedigital.com.ar\/noticias\/wp-json\/wp\/v2\/types\/post"}],"author":[{"embeddable":true,"href":"https:\/\/laurbedigital.com.ar\/noticias\/wp-json\/wp\/v2\/users\/1"}],"replies":[{"embeddable":true,"href":"https:\/\/laurbedigital.com.ar\/noticias\/wp-json\/wp\/v2\/comments?post=83479"}],"version-history":[{"count":2,"href":"https:\/\/laurbedigital.com.ar\/noticias\/wp-json\/wp\/v2\/posts\/83479\/revisions"}],"predecessor-version":[{"id":83482,"href":"https:\/\/laurbedigital.com.ar\/noticias\/wp-json\/wp\/v2\/posts\/83479\/revisions\/83482"}],"wp:featuredmedia":[{"embeddable":true,"href":"https:\/\/laurbedigital.com.ar\/noticias\/wp-json\/wp\/v2\/media\/83480"}],"wp:attachment":[{"href":"https:\/\/laurbedigital.com.ar\/noticias\/wp-json\/wp\/v2\/media?parent=83479"}],"wp:term":[{"taxonomy":"category","embeddable":true,"href":"https:\/\/laurbedigital.com.ar\/noticias\/wp-json\/wp\/v2\/categories?post=83479"},{"taxonomy":"post_tag","embeddable":true,"href":"https:\/\/laurbedigital.com.ar\/noticias\/wp-json\/wp\/v2\/tags?post=83479"}],"curies":[{"name":"wp","href":"https:\/\/api.w.org\/{rel}","templated":true}]}}