{"id":83453,"date":"2023-10-09T00:08:02","date_gmt":"2023-10-09T03:08:02","guid":{"rendered":"https:\/\/laurbedigital.com.ar\/noticias\/?p=83453"},"modified":"2023-10-09T03:46:28","modified_gmt":"2023-10-09T06:46:28","slug":"efemerides-del-9-de-octubre","status":"publish","type":"post","link":"https:\/\/laurbedigital.com.ar\/noticias\/2023\/10\/09\/efemerides-del-9-de-octubre\/","title":{"rendered":"Efem\u00e9rides del 9 de octubre"},"content":{"rendered":"<p>&nbsp;<\/p>\n<h6><strong>El 9 de octubre es una fecha cargada de acontecimientos de importancia para el pa\u00eds y el mundo. Un d\u00eda como hoy se celebra el D\u00eda Mundial del Correo y el D\u00eda del Guardaparque en la Argentina.<\/strong><\/h6>\n<p><strong>1941\u00a0<\/strong>&#8211; FRANKLIN ROOSEVELT. El presidente de Estados Unidos, Franklin Roosvelt, autoriza el desarrollo y construcci\u00f3n de la bomba at\u00f3mica con un plan que demand\u00f3 una inversi\u00f3n de 2.000 millones de d\u00f3lares de la \u00e9poca. Durante la Segunda Guerra Mundial, EEUU arroj\u00f3 sendas bombas at\u00f3micas sobre las ciudades japonesas de Hiroshima y Nagasaki.<\/p>\n<p><strong>1962\u00a0<\/strong>&#8211; JORGE BURRUCHAGA. Nace en la ciudad entrerriana de Gualeguay el exfutbolista y t\u00e9cnico Jorge Burruchaga, autor del gol con el que la selecci\u00f3n argentina gan\u00f3 el Mundial de M\u00e9xico \u201886 en la victoria por 3-2 en la final ante Alemania. Brill\u00f3 en Independiente, donde gan\u00f3 la Copa Libertadores, la Intercontinental de 1984 y la Recopa Sudamericana de 1995.<\/p>\n<p><strong>1964\u00a0<\/strong>&#8211; GUILLERMO DEL TORO. Nace en la ciudad mexicana de Guadalajara el cineasta, guionista y productor Guillermo Del Toro, quien lleva ganados 48 premios, entre ellos un Globo de Oro y un \u00d3scar (La forma del agua,2018). Lleva filmadas 46 pel\u00edculas, entre ellas El espinazo del diablo y Hellboy.<\/p>\n<p><strong>1964\u00a0<\/strong>&#8211; MARTIN JAITE. Nace en Buenos Aires el ex tenista Mart\u00edn Jaite, ganador de doce t\u00edtulos de la Asociaci\u00f3n de Tenistas Profesionales (ATP). En 1990 lleg\u00f3 a ocupar el d\u00e9cimo puesto del mundo. Fue capit\u00e1n del equipo argentino de Copa Davis en las temporadas de 2012 y 2013.<\/p>\n<p><strong>1967\u00a0<\/strong>&#8211; CHE GUEVARA.\u00a0 El m\u00e9dico y guerrillero argentino Ernesto \u201cChe\u201d Guevara, uno de los l\u00edderes de la Revoluci\u00f3n Cubana, es fusilado en una escuela del pueblo boliviano de La Higuera luego de haber sido apresado en la zona cuando encabezaba un grupo insurgente.<\/p>\n<p><strong>1994\u00a0<\/strong>&#8211; DIEGO A. MARADONA. Mientras cumpl\u00eda 15 meses de suspensi\u00f3n por doping, Diego Maradona debuta como director t\u00e9cnico de Deportivo Mandiy\u00fa de Corrientes acompa\u00f1ado por Carlos Fren. Fue en el partido que su equipo perdi\u00f3 2-1 ante Rosario Central. Con Maradona, el equipo correntino gan\u00f3 un partido, empat\u00f3 seis y perdi\u00f3 cinco a lo largo de doce jornadas.<\/p>\n<p><strong>2007\u00a0<\/strong>&#8211; VON WERNICH. El excapell\u00e1n de la Polic\u00eda bonaerense Christian Von Wernich es condenado a reclusi\u00f3n perpetua por su participaci\u00f3n en m\u00faltiples delitos de lesa humanidad cometidos por miembros de esa fuerza de seguridad durante la \u00faltima dictadura c\u00edvico militar.<\/p>\n<p><strong>2022 <\/strong>&#8211; D\u00cdA DEL GUARDAPARQUE. Se celebra el D\u00eda del Guardaparque en conmemoraci\u00f3n de la fecha de 1934 en que se puso en marcha la Direcci\u00f3n de Parques Nacionales y las dos primeras \u00e1reas naturales protegidas de la Argentina. La Administraci\u00f3n Nacional de Parques Nacionales controla actualmente 35 \u00e1reas naturales.<\/p>\n<p><strong>2023 <\/strong>&#8211; D\u00cdA DEL CORREO. Se celebra el D\u00eda Internacional del Correo en conmemoraci\u00f3n de la fecha de 1874 en la que se cre\u00f3 la Uni\u00f3n Postal Universal, que agiliz\u00f3 y mejor\u00f3 las comunicaciones en casi todo el mundo.<\/p>\n<p>&nbsp;<\/p>\n","protected":false},"excerpt":{"rendered":"<p>&nbsp; El 9 de octubre es una fecha cargada de acontecimientos de importancia para el pa\u00eds y el mundo. Un<\/p>\n","protected":false},"author":1,"featured_media":83454,"comment_status":"closed","ping_status":"closed","sticky":false,"template":"","format":"standard","meta":{"kia_subtitle":"","footnotes":"","jetpack_publicize_message":"","jetpack_publicize_feature_enabled":true,"jetpack_social_post_already_shared":true,"jetpack_social_options":{"image_generator_settings":{"template":"highway","default_image_id":0,"font":"","enabled":false},"version":2}},"categories":[5,2594],"tags":[],"class_list":["post-83453","post","type-post","status-publish","format-standard","has-post-thumbnail","hentry","category-cultura","category-efemerides"],"jetpack_publicize_connections":[],"jetpack_featured_media_url":"https:\/\/laurbedigital.com.ar\/noticias\/wp-content\/uploads\/2022\/10\/20221009-Dia-del-corrrreo.jpg","_links":{"self":[{"href":"https:\/\/laurbedigital.com.ar\/noticias\/wp-json\/wp\/v2\/posts\/83453","targetHints":{"allow":["GET"]}}],"collection":[{"href":"https:\/\/laurbedigital.com.ar\/noticias\/wp-json\/wp\/v2\/posts"}],"about":[{"href":"https:\/\/laurbedigital.com.ar\/noticias\/wp-json\/wp\/v2\/types\/post"}],"author":[{"embeddable":true,"href":"https:\/\/laurbedigital.com.ar\/noticias\/wp-json\/wp\/v2\/users\/1"}],"replies":[{"embeddable":true,"href":"https:\/\/laurbedigital.com.ar\/noticias\/wp-json\/wp\/v2\/comments?post=83453"}],"version-history":[{"count":3,"href":"https:\/\/laurbedigital.com.ar\/noticias\/wp-json\/wp\/v2\/posts\/83453\/revisions"}],"predecessor-version":[{"id":83456,"href":"https:\/\/laurbedigital.com.ar\/noticias\/wp-json\/wp\/v2\/posts\/83453\/revisions\/83456"}],"wp:featuredmedia":[{"embeddable":true,"href":"https:\/\/laurbedigital.com.ar\/noticias\/wp-json\/wp\/v2\/media\/83454"}],"wp:attachment":[{"href":"https:\/\/laurbedigital.com.ar\/noticias\/wp-json\/wp\/v2\/media?parent=83453"}],"wp:term":[{"taxonomy":"category","embeddable":true,"href":"https:\/\/laurbedigital.com.ar\/noticias\/wp-json\/wp\/v2\/categories?post=83453"},{"taxonomy":"post_tag","embeddable":true,"href":"https:\/\/laurbedigital.com.ar\/noticias\/wp-json\/wp\/v2\/tags?post=83453"}],"curies":[{"name":"wp","href":"https:\/\/api.w.org\/{rel}","templated":true}]}}