{"id":83111,"date":"2022-10-01T20:47:35","date_gmt":"2022-10-01T23:47:35","guid":{"rendered":"https:\/\/laurbedigital.com.ar\/noticias\/?p=83111"},"modified":"2022-10-01T20:50:10","modified_gmt":"2022-10-01T23:50:10","slug":"este-domingo-llega-la-primera-rodada-cultural-de-almirante-brown","status":"publish","type":"post","link":"https:\/\/laurbedigital.com.ar\/noticias\/2022\/10\/01\/este-domingo-llega-la-primera-rodada-cultural-de-almirante-brown\/","title":{"rendered":"Este domingo llega la primera rodada cultural de Almirante Brown"},"content":{"rendered":"<div>\n<h6 dir=\"ltr\"><\/h6>\n<h6 dir=\"ltr\"><strong>El Municipio de Almirante Brown, a trav\u00e9s de Instituto Municipal de las Culturas, llevar\u00e1 adelante este domingo 2 de octubre la primera rodada cultural desde la Plaza Brown de Adrogu\u00e9 hasta la Granja Educativa Municipal de Ministro Rivadavia.<\/strong><\/h6>\n<div dir=\"ltr\">\n<p>La actividad, que es libre, gratuita y organizada en articulaci\u00f3n con\u00a0CAdeMA, el primer club de motos cl\u00e1sicas del distrito, tiene como objetivo que los vecinos y vecinas se sumen y realicen el trayecto en sus motos.<\/p>\n<p>De esta manera, la jornada abierta a la comunidad comienza a las 9 de la ma\u00f1ana en la Plaza Brown para realizar una acreditaci\u00f3n previa, mientras que el comienzo del recorrido iniciar\u00e1 a las 11, todo en el marco del 150 aniversario de la localidad de Ministro Rivadavia.<\/p>\n<p>El trayecto incluye la Plaza Eva Per\u00f3n donde se har\u00e1 una muestra de motos antiguas y finalizar\u00e1 en la Granja Educativa Municipal, situada en Juan B. Justo 1000, para compartir una tarde diferente y repleta de propuestas y actividades gastron\u00f3micas.<\/p>\n<\/div>\n<div dir=\"ltr\">El recorrido de casi 11 kil\u00f3metros inicia en la Plaza Brown en direcci\u00f3n hacia Rosales hasta la avenida Espora. Se sigue por la citada avenida hacia Esteban Adrogu\u00e9, dobla en Diagonal Brown, toma nuevamente Esteban Adrogu\u00e9 y vuelve hacia Espora hasta la calle 25 de Mayo, en Ministro Rivadavia. Luego se toma Vucetich hacia Rep\u00fablica Argentina hasta la Granja Educativa Municipal.<\/div>\n<h6 dir=\"ltr\">\u00abInvitamos a nuestros vecinos y vecinas a la primera rodada cultural en moto en nuestro distrito, una jornada abierta y pensada para pasar un d\u00eda diferente\u00bb, sostuvo Mariano Cascallares. En tanto que el intendente interino de Almirante Brown, Juan Fabiani, subray\u00f3 que \u00abla iniciativa permitir\u00e1 conocer en su trayecto puntos hist\u00f3ricos de nuestro distrito y finalizar en la Granja Educativa Municipal, un espacio que nos llena de orgullo\u00bb.<\/h6>\n<\/div>\n<div dir=\"ltr\">\n<p><img loading=\"lazy\" decoding=\"async\" class=\"alignnone size-full wp-image-83113\" src=\"https:\/\/laurbedigital.com.ar\/noticias\/wp-content\/uploads\/2022\/10\/20221001-moto1.jpg\" alt=\"\" width=\"768\" height=\"428\" title=\"\" srcset=\"https:\/\/laurbedigital.com.ar\/noticias\/wp-content\/uploads\/2022\/10\/20221001-moto1.jpg 768w, https:\/\/laurbedigital.com.ar\/noticias\/wp-content\/uploads\/2022\/10\/20221001-moto1-300x167.jpg 300w\" sizes=\"auto, (max-width: 768px) 100vw, 768px\" \/><\/p>\n<\/div>\n","protected":false},"excerpt":{"rendered":"<p>El Municipio de Almirante Brown, a trav\u00e9s de Instituto Municipal de las Culturas, llevar\u00e1 adelante este domingo 2 de octubre<\/p>\n","protected":false},"author":1,"featured_media":83112,"comment_status":"closed","ping_status":"closed","sticky":false,"template":"","format":"standard","meta":{"kia_subtitle":"","footnotes":"","jetpack_publicize_message":"","jetpack_publicize_feature_enabled":true,"jetpack_social_post_already_shared":true,"jetpack_social_options":{"image_generator_settings":{"template":"highway","default_image_id":0,"font":"","enabled":false},"version":2}},"categories":[2,33],"tags":[],"class_list":["post-83111","post","type-post","status-publish","format-standard","has-post-thumbnail","hentry","category-alte-brown","category-alte-brown-alte-brown"],"jetpack_publicize_connections":[],"jetpack_featured_media_url":"https:\/\/laurbedigital.com.ar\/noticias\/wp-content\/uploads\/2022\/10\/20221001-moto-e1664668196533.jpg","_links":{"self":[{"href":"https:\/\/laurbedigital.com.ar\/noticias\/wp-json\/wp\/v2\/posts\/83111","targetHints":{"allow":["GET"]}}],"collection":[{"href":"https:\/\/laurbedigital.com.ar\/noticias\/wp-json\/wp\/v2\/posts"}],"about":[{"href":"https:\/\/laurbedigital.com.ar\/noticias\/wp-json\/wp\/v2\/types\/post"}],"author":[{"embeddable":true,"href":"https:\/\/laurbedigital.com.ar\/noticias\/wp-json\/wp\/v2\/users\/1"}],"replies":[{"embeddable":true,"href":"https:\/\/laurbedigital.com.ar\/noticias\/wp-json\/wp\/v2\/comments?post=83111"}],"version-history":[{"count":4,"href":"https:\/\/laurbedigital.com.ar\/noticias\/wp-json\/wp\/v2\/posts\/83111\/revisions"}],"predecessor-version":[{"id":83116,"href":"https:\/\/laurbedigital.com.ar\/noticias\/wp-json\/wp\/v2\/posts\/83111\/revisions\/83116"}],"wp:featuredmedia":[{"embeddable":true,"href":"https:\/\/laurbedigital.com.ar\/noticias\/wp-json\/wp\/v2\/media\/83112"}],"wp:attachment":[{"href":"https:\/\/laurbedigital.com.ar\/noticias\/wp-json\/wp\/v2\/media?parent=83111"}],"wp:term":[{"taxonomy":"category","embeddable":true,"href":"https:\/\/laurbedigital.com.ar\/noticias\/wp-json\/wp\/v2\/categories?post=83111"},{"taxonomy":"post_tag","embeddable":true,"href":"https:\/\/laurbedigital.com.ar\/noticias\/wp-json\/wp\/v2\/tags?post=83111"}],"curies":[{"name":"wp","href":"https:\/\/api.w.org\/{rel}","templated":true}]}}