{"id":83031,"date":"2022-09-29T12:44:13","date_gmt":"2022-09-29T15:44:13","guid":{"rendered":"https:\/\/laurbedigital.com.ar\/noticias\/?p=83031"},"modified":"2022-09-29T12:44:13","modified_gmt":"2022-09-29T15:44:13","slug":"inauguraron-la-casa-de-la-cultura-de-ministro-rivadavia-y-construyen-tres-mas","status":"publish","type":"post","link":"https:\/\/laurbedigital.com.ar\/noticias\/2022\/09\/29\/inauguraron-la-casa-de-la-cultura-de-ministro-rivadavia-y-construyen-tres-mas\/","title":{"rendered":"Inauguraron la Casa de la cultura de Ministro Rivadavia y construyen tres m\u00e1s"},"content":{"rendered":"<div>\n<p>&nbsp;<\/p>\n<h6><strong>El Municipio de Almirante Brown inaugur\u00f3 la nueva Casa de la Cultura de Ministro Rivadavia y anticip\u00f3 que ya se encuentran en proceso de construcci\u00f3n tres nuevas Casas de la Cultura en Don Orione y en las localidades de Malvinas Argentinas y San Jos\u00e9, todo en el marco del impulso a una fuerte pol\u00edtica de descentralizaci\u00f3n de la Cultura hacia los barrios.<\/strong><\/h6>\n<p>En el caso de Ministro Rivadavia, la inauguraci\u00f3n de la nueva Casa de la Cultura fue encabezada por el\u00a0gobernador Axel Kicillof, junto con Mariano Cascallares y con el intendente interino de Almirante Brown, Juan Fabiani. Se trata de un espacio integral en el que se desarrollar\u00e1n diversas actividades, cursos y propuestas art\u00edsticas y culturales.<\/p>\n<p>La actividad se realiz\u00f3 en el predio ubicado en Motti de Muesca N\u00ba 301, a pocos metros de la nueva delegaci\u00f3n de Ministro Rivadavia, que ser\u00e1 pr\u00f3ximamente inaugurada y que contar\u00e1 con un Registro Nacional de las Personas y un cajero autom\u00e1tico del Banco Provincia.<\/p>\n<p><img loading=\"lazy\" decoding=\"async\" class=\"alignnone size-full wp-image-83033\" src=\"https:\/\/laurbedigital.com.ar\/noticias\/wp-content\/uploads\/2022\/09\/cultura1.jpg\" alt=\"\" width=\"1600\" height=\"1066\" title=\"\" srcset=\"https:\/\/laurbedigital.com.ar\/noticias\/wp-content\/uploads\/2022\/09\/cultura1.jpg 1600w, https:\/\/laurbedigital.com.ar\/noticias\/wp-content\/uploads\/2022\/09\/cultura1-300x200.jpg 300w, https:\/\/laurbedigital.com.ar\/noticias\/wp-content\/uploads\/2022\/09\/cultura1-1024x682.jpg 1024w, https:\/\/laurbedigital.com.ar\/noticias\/wp-content\/uploads\/2022\/09\/cultura1-768x512.jpg 768w, https:\/\/laurbedigital.com.ar\/noticias\/wp-content\/uploads\/2022\/09\/cultura1-1536x1023.jpg 1536w\" sizes=\"auto, (max-width: 1600px) 100vw, 1600px\" \/><\/p>\n<p>De la actividad participaron tambi\u00e9n la ministra de Gobierno bonaerense, Mar\u00eda Cristina \u00c1lvarez Rodr\u00edguez, y la presidenta del Instituto Cultural de la Provincia de Buenos Aires, Florencia Saintout.<\/p>\n<p>El flamante edificio multiuso bautizado \u00abCuna del Festicala\u00bb, realizado en articulaci\u00f3n con el Ministerio de Desarrollo de la Comunidad provincial, est\u00e1 organizado como un gran sal\u00f3n de usos m\u00faltiples donde funcionar\u00e1n talleres de teatro comunitario, danzas, muestras de artes visuales y sala de cine, adem\u00e1s de diversos cursos y propuestas sociales y culturales.<\/p>\n<h6>\u201cEs un orgullo estar inaugurando este lugar tan importante para los vecinos y vecinas de Almirante Brown. Sin dudas ser\u00e1 un lugar que fomentar\u00e1 y potenciar\u00e1 la cultura de Ministro Rivadavia, que hace pocos d\u00edas cumpli\u00f3 150 a\u00f1os, y de toda la regi\u00f3n\u201d, sostuvo Fabiani.<\/h6>\n<h6>Cascallares, en tanto, remarc\u00f3 que \u201ceste es un lugar muy especial para nosotros y una de las cuatro Casas de la Cultura que estamos impulsando, junto con las que se realizar\u00e1n en San Francisco de As\u00eds, Malvinas Argentinas y San Jos\u00e9\u201d.<\/p>\n<p><img loading=\"lazy\" decoding=\"async\" class=\"alignnone size-full wp-image-83034\" src=\"https:\/\/laurbedigital.com.ar\/noticias\/wp-content\/uploads\/2022\/09\/cultura2.jpg\" alt=\"\" width=\"1600\" height=\"1067\" title=\"\" srcset=\"https:\/\/laurbedigital.com.ar\/noticias\/wp-content\/uploads\/2022\/09\/cultura2.jpg 1600w, https:\/\/laurbedigital.com.ar\/noticias\/wp-content\/uploads\/2022\/09\/cultura2-300x200.jpg 300w, https:\/\/laurbedigital.com.ar\/noticias\/wp-content\/uploads\/2022\/09\/cultura2-1024x683.jpg 1024w, https:\/\/laurbedigital.com.ar\/noticias\/wp-content\/uploads\/2022\/09\/cultura2-768x512.jpg 768w, https:\/\/laurbedigital.com.ar\/noticias\/wp-content\/uploads\/2022\/09\/cultura2-1536x1024.jpg 1536w\" sizes=\"auto, (max-width: 1600px) 100vw, 1600px\" \/><\/h6>\n<h6>\u201cA pocos metros estamos por tener nuestra nueva delegaci\u00f3n con su Registro de las Personas y un cajero del Banco Provincia. Pero tambi\u00e9n estamos sumando 1.000 nuevas cuadras de pavimento al mismo tiempo en todo el distrito y construyendo cuatro jardines de infantes y dos escuelas, entre muchas obras m\u00e1s. Esto habla de un proyecto que piensa en igualdad de oportunidades y tambi\u00e9n en potenciar los barrios que est\u00e1n m\u00e1s alejados a las zonas c\u00e9ntricas\u201d, complet\u00f3.<\/h6>\n<h6>Finalmente, Kicillof subray\u00f3: \u201cestoy admirado y conmovido con este d\u00eda en Almirante Brown porque en esta funci\u00f3n que nos toca desempe\u00f1ar uno se emociona cuando ve las obras terminadas porque nuestro sue\u00f1o es transformarle y mejorarle la vida a nuestros pueblos\u201d.<\/h6>\n<p>Durante la visita, las autoridades recorrieron las instalaciones de la flamante Casa de la Cultura de Ministro Rivadavia y luego disfrutaron de un cierre musical de lujo a cargo de la Orquesta Municipal de Tango.<\/p>\n<p><img loading=\"lazy\" decoding=\"async\" class=\"alignnone size-full wp-image-83035\" src=\"https:\/\/laurbedigital.com.ar\/noticias\/wp-content\/uploads\/2022\/09\/cultura4.jpg\" alt=\"\" width=\"1600\" height=\"1067\" title=\"\" srcset=\"https:\/\/laurbedigital.com.ar\/noticias\/wp-content\/uploads\/2022\/09\/cultura4.jpg 1600w, https:\/\/laurbedigital.com.ar\/noticias\/wp-content\/uploads\/2022\/09\/cultura4-300x200.jpg 300w, https:\/\/laurbedigital.com.ar\/noticias\/wp-content\/uploads\/2022\/09\/cultura4-1024x683.jpg 1024w, https:\/\/laurbedigital.com.ar\/noticias\/wp-content\/uploads\/2022\/09\/cultura4-768x512.jpg 768w, https:\/\/laurbedigital.com.ar\/noticias\/wp-content\/uploads\/2022\/09\/cultura4-1536x1024.jpg 1536w\" sizes=\"auto, (max-width: 1600px) 100vw, 1600px\" \/><\/p>\n<p>Participaron de la actividad el presidente del Instituto de la Cultura del Municipio de Almirante Brown, Juan Manuel Pereira Ben\u00edtez; el presidente del Honorable Concejo Deliberante, Nicol\u00e1s Jawtuschenko; la presidenta del Consejo Escolar, Mar\u00eda Marta Silva, y el secretario de Infraestructura, Planificaci\u00f3n y Servicios P\u00fablicos, Fernando Lorenzo.<\/p>\n<p>Tambi\u00e9n la subsecretaria de Infraestructura, Gabriela Fern\u00e1ndez; la directora general de Cultura, Cecilia Fodor, y el delegado de Ministro Rivadavia, Rodolfo D\u00edaz V\u00e9lez, adem\u00e1s de concejales y concejalas, consejeras y consejeros escolares, vecinos y vecinas.<\/p>\n<\/div>\n<p>&nbsp;<\/p>\n","protected":false},"excerpt":{"rendered":"<p>&nbsp; El Municipio de Almirante Brown inaugur\u00f3 la nueva Casa de la Cultura de Ministro Rivadavia y anticip\u00f3 que ya<\/p>\n","protected":false},"author":1,"featured_media":83032,"comment_status":"closed","ping_status":"closed","sticky":false,"template":"","format":"standard","meta":{"kia_subtitle":"","footnotes":"","jetpack_publicize_message":"Inauguraron la Casa de la cultura de Ministro Rivadavia y construyen tres m\u00e1s","jetpack_publicize_feature_enabled":true,"jetpack_social_post_already_shared":true,"jetpack_social_options":{"image_generator_settings":{"template":"highway","default_image_id":0,"font":"","enabled":false},"version":2}},"categories":[2,33,250],"tags":[],"class_list":["post-83031","post","type-post","status-publish","format-standard","has-post-thumbnail","hentry","category-alte-brown","category-alte-brown-alte-brown","category-ministro-rivadavia"],"jetpack_publicize_connections":[],"jetpack_featured_media_url":"https:\/\/laurbedigital.com.ar\/noticias\/wp-content\/uploads\/2022\/09\/20220929-Brown-Cultura-Cascallares.jpg","_links":{"self":[{"href":"https:\/\/laurbedigital.com.ar\/noticias\/wp-json\/wp\/v2\/posts\/83031","targetHints":{"allow":["GET"]}}],"collection":[{"href":"https:\/\/laurbedigital.com.ar\/noticias\/wp-json\/wp\/v2\/posts"}],"about":[{"href":"https:\/\/laurbedigital.com.ar\/noticias\/wp-json\/wp\/v2\/types\/post"}],"author":[{"embeddable":true,"href":"https:\/\/laurbedigital.com.ar\/noticias\/wp-json\/wp\/v2\/users\/1"}],"replies":[{"embeddable":true,"href":"https:\/\/laurbedigital.com.ar\/noticias\/wp-json\/wp\/v2\/comments?post=83031"}],"version-history":[{"count":3,"href":"https:\/\/laurbedigital.com.ar\/noticias\/wp-json\/wp\/v2\/posts\/83031\/revisions"}],"predecessor-version":[{"id":83038,"href":"https:\/\/laurbedigital.com.ar\/noticias\/wp-json\/wp\/v2\/posts\/83031\/revisions\/83038"}],"wp:featuredmedia":[{"embeddable":true,"href":"https:\/\/laurbedigital.com.ar\/noticias\/wp-json\/wp\/v2\/media\/83032"}],"wp:attachment":[{"href":"https:\/\/laurbedigital.com.ar\/noticias\/wp-json\/wp\/v2\/media?parent=83031"}],"wp:term":[{"taxonomy":"category","embeddable":true,"href":"https:\/\/laurbedigital.com.ar\/noticias\/wp-json\/wp\/v2\/categories?post=83031"},{"taxonomy":"post_tag","embeddable":true,"href":"https:\/\/laurbedigital.com.ar\/noticias\/wp-json\/wp\/v2\/tags?post=83031"}],"curies":[{"name":"wp","href":"https:\/\/api.w.org\/{rel}","templated":true}]}}