{"id":830,"date":"2016-02-02T23:07:48","date_gmt":"2016-02-02T23:07:48","guid":{"rendered":"http:\/\/laurbedigital.com.ar\/noticias\/?p=830"},"modified":"2016-02-02T23:07:48","modified_gmt":"2016-02-02T23:07:48","slug":"orion-nego-haberse-peleado-con-tevez-luego-del-superclasico","status":"publish","type":"post","link":"https:\/\/laurbedigital.com.ar\/noticias\/2016\/02\/02\/orion-nego-haberse-peleado-con-tevez-luego-del-superclasico\/","title":{"rendered":"Orion neg\u00f3 haberse peleado con Tevez luego del Supercl\u00e1sico"},"content":{"rendered":"<p>Agust\u00edn Ori\u00f3n, arquero de Boca, desminti\u00f3 haber discutido con Carlos Tevez, despu\u00e9s de la derrota 1-0 en el supercl\u00e1sico en Mendoza.<\/p>\n<p>\u00abNo me pele\u00e9 con Tevez. Es malicioso lo que dijeron\u00bb, sostuvo Ori\u00f3n, quien afirm\u00f3 que \u00abno habl\u00e9 con Carlitos una vez finalizado el partido. Como siempre, hay mucho mito, creo que ya me hicieron pelear siete veces con Tevez\u00bb.<\/p>\n<p>En di\u00e1logo con TyC Sports, el arquero Xeneize agreg\u00f3: \u00abA veces los medios saben de d\u00f3nde vienen estas cosas. A m\u00ed me contaron que viene desde el entorno de River y ellos le echan la culpa a un productor y un periodista de Torneos\u00bb.<\/p>\n<p>Por otra parte, Ori\u00f3n explic\u00f3 que a pesar de las derrotas en los torneos de verano, \u00abno estamos preocupados, pero tenemos que mejorar lo que venimos haciendo\u00bb.<\/p>\n<p>En tanto, sobre los incidentes que se vivieron en el cl\u00e1sico platense, en el que los jugadores se agarraron a pi\u00f1as, Ori\u00f3n consider\u00f3 que \u00ablas sanciones para los jugadores de Gimnasia y Estudiantes tienen que ser grav\u00edsimas\u00bb y que \u00abel f\u00fatbol tiene que tomar valores de otros deportes para mejorar\u00bb.<\/p>\n","protected":false},"excerpt":{"rendered":"<p>Agust\u00edn Ori\u00f3n, arquero de Boca, desminti\u00f3 haber discutido con Carlos Tevez, despu\u00e9s de la derrota 1-0 en el supercl\u00e1sico en<\/p>\n","protected":false},"author":1,"featured_media":831,"comment_status":"closed","ping_status":"closed","sticky":false,"template":"","format":"standard","meta":{"kia_subtitle":"","footnotes":"","jetpack_publicize_message":"","jetpack_publicize_feature_enabled":true,"jetpack_social_post_already_shared":false,"jetpack_social_options":{"image_generator_settings":{"template":"highway","default_image_id":0,"font":"","enabled":false},"version":2}},"categories":[4,28],"tags":[],"class_list":["post-830","post","type-post","status-publish","format-standard","has-post-thumbnail","hentry","category-deporte","category-futbol"],"jetpack_publicize_connections":[],"jetpack_featured_media_url":"https:\/\/laurbedigital.com.ar\/noticias\/wp-content\/uploads\/2016\/02\/20160202-orion.jpg","_links":{"self":[{"href":"https:\/\/laurbedigital.com.ar\/noticias\/wp-json\/wp\/v2\/posts\/830","targetHints":{"allow":["GET"]}}],"collection":[{"href":"https:\/\/laurbedigital.com.ar\/noticias\/wp-json\/wp\/v2\/posts"}],"about":[{"href":"https:\/\/laurbedigital.com.ar\/noticias\/wp-json\/wp\/v2\/types\/post"}],"author":[{"embeddable":true,"href":"https:\/\/laurbedigital.com.ar\/noticias\/wp-json\/wp\/v2\/users\/1"}],"replies":[{"embeddable":true,"href":"https:\/\/laurbedigital.com.ar\/noticias\/wp-json\/wp\/v2\/comments?post=830"}],"version-history":[{"count":1,"href":"https:\/\/laurbedigital.com.ar\/noticias\/wp-json\/wp\/v2\/posts\/830\/revisions"}],"predecessor-version":[{"id":832,"href":"https:\/\/laurbedigital.com.ar\/noticias\/wp-json\/wp\/v2\/posts\/830\/revisions\/832"}],"wp:featuredmedia":[{"embeddable":true,"href":"https:\/\/laurbedigital.com.ar\/noticias\/wp-json\/wp\/v2\/media\/831"}],"wp:attachment":[{"href":"https:\/\/laurbedigital.com.ar\/noticias\/wp-json\/wp\/v2\/media?parent=830"}],"wp:term":[{"taxonomy":"category","embeddable":true,"href":"https:\/\/laurbedigital.com.ar\/noticias\/wp-json\/wp\/v2\/categories?post=830"},{"taxonomy":"post_tag","embeddable":true,"href":"https:\/\/laurbedigital.com.ar\/noticias\/wp-json\/wp\/v2\/tags?post=830"}],"curies":[{"name":"wp","href":"https:\/\/api.w.org\/{rel}","templated":true}]}}