{"id":8299,"date":"2017-09-01T21:05:23","date_gmt":"2017-09-02T00:05:23","guid":{"rendered":"http:\/\/laurbedigital.com.ar\/noticias\/?p=8299"},"modified":"2017-09-01T21:05:23","modified_gmt":"2017-09-02T00:05:23","slug":"sergio-maldonado-patricia-bullrich-es-la-unica-que-sabe-donde-esta-santiago","status":"publish","type":"post","link":"https:\/\/laurbedigital.com.ar\/noticias\/2017\/09\/01\/sergio-maldonado-patricia-bullrich-es-la-unica-que-sabe-donde-esta-santiago\/","title":{"rendered":"Sergio Maldonado: \u201cPatricia Bullrich, es la \u00fanica que sabe d\u00f3nde est\u00e1 Santiago\u201d"},"content":{"rendered":"<p>Sergio Maldonado, hermano de\u00a0Santiago Maldonado, el joven artesano que permanece desaparecido desde hace un mes, afirm\u00f3 este viernes que la tiene\u00a0\u201cdar explicaciones\u201d\u00a0sobre el caso es la ministra de Seguridad,Patricia Bullrich, porque ella -dijo-\u00a0\u201ces la \u00fanica que sabe d\u00f3nde est\u00e1\u201d.<\/p>\n<p>Sergio hizo esa aseveraci\u00f3n en declaraciones a Radio10 y asegur\u00f3 que la marcha prevista para este viernes al cumplirse un mes de la desaparici\u00f3n de Santiago tiene como objetivo a la funcionaria macrista.\u00a0\u201cEs a la ministra a qui\u00e9n vamos a reclamarle\u201d, dijo.<\/p>\n<p>\u201cEs ella quien tiene dar explicaciones y es la \u00fanica que sabe donde est\u00e1 Santiago\u201d, agreg\u00f3.<\/p>\n<p>Luego, en declaraciones a Radio Con Vos, Sergio expres\u00f3 que Espera que a partir de estos reclamos\u00a0\u201chaya otra respuesta del Gobierno\u201d\u00a0y volvi\u00f3 a arremeter contra Bullrich al manifestar que\u00a0\u201cno est\u00e1 a la altura de las circunstancias\u201d.<\/p>\n<p>\u201cHoy tengo otra esperanza. Me parece que es un d\u00eda importante en el que va a haber mucha gente, en todo el pa\u00eds, en distintas marchas\u201d, dijo en di\u00e1logo con Radio Con vos.\u00a0\u201cMe parece que hoy es el tope, cuando uno llega a un mont\u00f3n de gente. Ya no se puede mirar para otro lado. Estoy confiado de que despu\u00e9s de hoy haya otra respuesta del Gobierno, que asuma que es una desaparici\u00f3n forzada de persona. No puede estar todos los d\u00edas cambiando o tirando falsas hip\u00f3tesis, jugando con los sentimientos\u201d, continu\u00f3.<\/p>\n","protected":false},"excerpt":{"rendered":"<p>Sergio Maldonado, hermano de\u00a0Santiago Maldonado, el joven artesano que permanece desaparecido desde hace un mes, afirm\u00f3 este viernes que la<\/p>\n","protected":false},"author":1,"featured_media":8294,"comment_status":"closed","ping_status":"closed","sticky":false,"template":"","format":"standard","meta":{"kia_subtitle":"","footnotes":"","jetpack_publicize_message":"","jetpack_publicize_feature_enabled":true,"jetpack_social_post_already_shared":true,"jetpack_social_options":{"image_generator_settings":{"template":"highway","default_image_id":0,"font":"","enabled":false},"version":2}},"categories":[3,61,41],"tags":[],"class_list":["post-8299","post","type-post","status-publish","format-standard","has-post-thumbnail","hentry","category-actualidad","category-ddhh","category-nacionales"],"jetpack_publicize_connections":[],"jetpack_featured_media_url":"https:\/\/laurbedigital.com.ar\/noticias\/wp-content\/uploads\/2017\/09\/20170901-nac2.jpg","_links":{"self":[{"href":"https:\/\/laurbedigital.com.ar\/noticias\/wp-json\/wp\/v2\/posts\/8299","targetHints":{"allow":["GET"]}}],"collection":[{"href":"https:\/\/laurbedigital.com.ar\/noticias\/wp-json\/wp\/v2\/posts"}],"about":[{"href":"https:\/\/laurbedigital.com.ar\/noticias\/wp-json\/wp\/v2\/types\/post"}],"author":[{"embeddable":true,"href":"https:\/\/laurbedigital.com.ar\/noticias\/wp-json\/wp\/v2\/users\/1"}],"replies":[{"embeddable":true,"href":"https:\/\/laurbedigital.com.ar\/noticias\/wp-json\/wp\/v2\/comments?post=8299"}],"version-history":[{"count":1,"href":"https:\/\/laurbedigital.com.ar\/noticias\/wp-json\/wp\/v2\/posts\/8299\/revisions"}],"predecessor-version":[{"id":8300,"href":"https:\/\/laurbedigital.com.ar\/noticias\/wp-json\/wp\/v2\/posts\/8299\/revisions\/8300"}],"wp:featuredmedia":[{"embeddable":true,"href":"https:\/\/laurbedigital.com.ar\/noticias\/wp-json\/wp\/v2\/media\/8294"}],"wp:attachment":[{"href":"https:\/\/laurbedigital.com.ar\/noticias\/wp-json\/wp\/v2\/media?parent=8299"}],"wp:term":[{"taxonomy":"category","embeddable":true,"href":"https:\/\/laurbedigital.com.ar\/noticias\/wp-json\/wp\/v2\/categories?post=8299"},{"taxonomy":"post_tag","embeddable":true,"href":"https:\/\/laurbedigital.com.ar\/noticias\/wp-json\/wp\/v2\/tags?post=8299"}],"curies":[{"name":"wp","href":"https:\/\/api.w.org\/{rel}","templated":true}]}}