{"id":82987,"date":"2022-09-28T13:48:39","date_gmt":"2022-09-28T16:48:39","guid":{"rendered":"https:\/\/laurbedigital.com.ar\/noticias\/?p=82987"},"modified":"2022-09-28T13:48:39","modified_gmt":"2022-09-28T16:48:39","slug":"el-municipio-de-alte-brown-realizo-una-jornada-forestacion-en-la-estacion-de-longchamps","status":"publish","type":"post","link":"https:\/\/laurbedigital.com.ar\/noticias\/2022\/09\/28\/el-municipio-de-alte-brown-realizo-una-jornada-forestacion-en-la-estacion-de-longchamps\/","title":{"rendered":"El Municipio de Alte Brown realiz\u00f3 una jornada forestaci\u00f3n en la Estaci\u00f3n de Longchamps"},"content":{"rendered":"<p>&nbsp;<\/p>\n<h6><strong>El Municipio de Almirante Brown concret\u00f3 la plantaci\u00f3n de decenas de especies nativas de \u00e1rboles en la Estaci\u00f3n de Longchamps, en el marco del plan de forestaci\u00f3n m\u00e1s grande de la historia de nuestro distrito.<\/strong><\/h6>\n<p>La iniciativa fue realizada por una cuadrilla de embellecimiento (conformda por cooperativistas) en el espacio verde situado sobre la avenida Aviaci\u00f3n y el cruce con Chiesa y en total se plantaron nuevas especies de fresno, aguaribay y lapachos, entre otros.<\/p>\n<p>La forestaci\u00f3n en el lugar fue en compensaci\u00f3n por la extracci\u00f3n de tres \u00e1rboles a\u00f1osos y en mal estado concretada a fines del a\u00f1o pasado, en el marco del relevamiento que realiza la Comuna de las distintas especies a partir del Censo de Arbolado.<\/p>\n<p>Adem\u00e1s, tambi\u00e9n se llev\u00f3 adelante en los \u00faltimos d\u00edas una intervenci\u00f3n similar en la estaci\u00f3n ferroviaria de Claypole, donde se realizaron trabajos de poda y se colocaron 40 \u00e1rboles nativos y ex\u00f3ticos en compensaci\u00f3n por la extracci\u00f3n de eucaliptos que estaban secos y con riesgo de ca\u00edda.<img loading=\"lazy\" decoding=\"async\" class=\"alignnone size-full wp-image-82991\" src=\"https:\/\/laurbedigital.com.ar\/noticias\/wp-content\/uploads\/2022\/09\/rodeo8.jpg\" alt=\"\" width=\"1200\" height=\"1600\" title=\"\" srcset=\"https:\/\/laurbedigital.com.ar\/noticias\/wp-content\/uploads\/2022\/09\/rodeo8.jpg 1200w, https:\/\/laurbedigital.com.ar\/noticias\/wp-content\/uploads\/2022\/09\/rodeo8-225x300.jpg 225w, https:\/\/laurbedigital.com.ar\/noticias\/wp-content\/uploads\/2022\/09\/rodeo8-768x1024.jpg 768w, https:\/\/laurbedigital.com.ar\/noticias\/wp-content\/uploads\/2022\/09\/rodeo8-1152x1536.jpg 1152w\" sizes=\"auto, (max-width: 1200px) 100vw, 1200px\" \/><br \/>\nCabe destacar que este tipo de intervenciones forman parte del trabajo diario de parquizaci\u00f3n y jardiner\u00eda realizado por las cuadrillas de embellecimiento del \u00e1rea de Espacios P\u00fablicos local, acompa\u00f1ando las obras que se llevan adelante en distintos espacios del distrito. La plantaci\u00f3n, en tanto, es realizada en articulaci\u00f3n con cooperativistas del programa Potenciar.<\/p>\n<h6>\u00abSeguimos sumando trabajos de parquizaci\u00f3n y embellecimiento urbano en distintos rincones de Almirante Brown para potenciar este gran pulm\u00f3n verde que significa el distrito para el conurbano bonaerense\u00bb, remarc\u00f3 Mariano Cascallares, en tanto que el intendente interino Juan Fabiani, sostuvo que \u00ablas especies que son colocadas son producidas en nuestra Granja Educativa Municipal, en el marco de un trabajo hist\u00f3rico en materia de forestaci\u00f3n\u00bb.<\/h6>\n<p>Actualmente en Almirante Brown se lleva adelante el plan de forestaci\u00f3n m\u00e1s grande de su historia, en el que desde 2018 se viene concretando la plantaci\u00f3n de casi 5.000 \u00e1rboles con el objetivo de potenciar el desarrollo paisaj\u00edstico y cuidado del ambiente, en el marco del programa sustentable Brown Verde.<\/p>\n<p><img loading=\"lazy\" decoding=\"async\" class=\"alignnone size-full wp-image-82990\" src=\"https:\/\/laurbedigital.com.ar\/noticias\/wp-content\/uploads\/2022\/09\/rodeo6.jpg\" alt=\"\" width=\"1200\" height=\"1600\" title=\"\" srcset=\"https:\/\/laurbedigital.com.ar\/noticias\/wp-content\/uploads\/2022\/09\/rodeo6.jpg 1200w, https:\/\/laurbedigital.com.ar\/noticias\/wp-content\/uploads\/2022\/09\/rodeo6-225x300.jpg 225w, https:\/\/laurbedigital.com.ar\/noticias\/wp-content\/uploads\/2022\/09\/rodeo6-768x1024.jpg 768w, https:\/\/laurbedigital.com.ar\/noticias\/wp-content\/uploads\/2022\/09\/rodeo6-1152x1536.jpg 1152w\" sizes=\"auto, (max-width: 1200px) 100vw, 1200px\" \/><br \/>\nEsto es posible tambi\u00e9n gracias a la producci\u00f3n de especies nativas y aut\u00f3ctonas realizada en la Granja Educativa Municipal, ubicada en Ministro Rivadavia, entre las que se encuentran se encuentran omb\u00faes, talas, curup\u00edes, palos amarillos, lecherones, ceibos, espinillos, tarumas, colonillos, carpincheras y pasionarias, adem\u00e1s de aguarabaicitos y pata de vacas.<\/p>\n<p>&nbsp;<\/p>\n","protected":false},"excerpt":{"rendered":"<p>&nbsp; El Municipio de Almirante Brown concret\u00f3 la plantaci\u00f3n de decenas de especies nativas de \u00e1rboles en la Estaci\u00f3n de<\/p>\n","protected":false},"author":1,"featured_media":82988,"comment_status":"closed","ping_status":"closed","sticky":false,"template":"","format":"standard","meta":{"kia_subtitle":"","footnotes":"","jetpack_publicize_message":"El Municipio de Alte Brown realiz\u00f3 una jornada forestaci\u00f3n en la Estaci\u00f3n de Longchamps","jetpack_publicize_feature_enabled":true,"jetpack_social_post_already_shared":true,"jetpack_social_options":{"image_generator_settings":{"template":"highway","default_image_id":0,"font":"","enabled":false},"version":2}},"categories":[2,33,53],"tags":[],"class_list":["post-82987","post","type-post","status-publish","format-standard","has-post-thumbnail","hentry","category-alte-brown","category-alte-brown-alte-brown","category-longchamps"],"jetpack_publicize_connections":[],"jetpack_featured_media_url":"https:\/\/laurbedigital.com.ar\/noticias\/wp-content\/uploads\/2022\/09\/20220928-Brown-Longchamps.jpg","_links":{"self":[{"href":"https:\/\/laurbedigital.com.ar\/noticias\/wp-json\/wp\/v2\/posts\/82987","targetHints":{"allow":["GET"]}}],"collection":[{"href":"https:\/\/laurbedigital.com.ar\/noticias\/wp-json\/wp\/v2\/posts"}],"about":[{"href":"https:\/\/laurbedigital.com.ar\/noticias\/wp-json\/wp\/v2\/types\/post"}],"author":[{"embeddable":true,"href":"https:\/\/laurbedigital.com.ar\/noticias\/wp-json\/wp\/v2\/users\/1"}],"replies":[{"embeddable":true,"href":"https:\/\/laurbedigital.com.ar\/noticias\/wp-json\/wp\/v2\/comments?post=82987"}],"version-history":[{"count":3,"href":"https:\/\/laurbedigital.com.ar\/noticias\/wp-json\/wp\/v2\/posts\/82987\/revisions"}],"predecessor-version":[{"id":82994,"href":"https:\/\/laurbedigital.com.ar\/noticias\/wp-json\/wp\/v2\/posts\/82987\/revisions\/82994"}],"wp:featuredmedia":[{"embeddable":true,"href":"https:\/\/laurbedigital.com.ar\/noticias\/wp-json\/wp\/v2\/media\/82988"}],"wp:attachment":[{"href":"https:\/\/laurbedigital.com.ar\/noticias\/wp-json\/wp\/v2\/media?parent=82987"}],"wp:term":[{"taxonomy":"category","embeddable":true,"href":"https:\/\/laurbedigital.com.ar\/noticias\/wp-json\/wp\/v2\/categories?post=82987"},{"taxonomy":"post_tag","embeddable":true,"href":"https:\/\/laurbedigital.com.ar\/noticias\/wp-json\/wp\/v2\/tags?post=82987"}],"curies":[{"name":"wp","href":"https:\/\/api.w.org\/{rel}","templated":true}]}}