{"id":82966,"date":"2022-09-28T08:00:43","date_gmt":"2022-09-28T11:00:43","guid":{"rendered":"https:\/\/laurbedigital.com.ar\/noticias\/?p=82966"},"modified":"2022-09-27T22:54:07","modified_gmt":"2022-09-28T01:54:07","slug":"las-ventas-en-los-supermercados-aumentaron-53-en-julio","status":"publish","type":"post","link":"https:\/\/laurbedigital.com.ar\/noticias\/2022\/09\/28\/las-ventas-en-los-supermercados-aumentaron-53-en-julio\/","title":{"rendered":"Las ventas en los supermercados aumentaron 5,3% en julio"},"content":{"rendered":"<p>&nbsp;<\/p>\n<h6><strong>En tanto, las ventas en los grandes centros de compra aumentaron 7,5% y quebr\u00f3 as\u00ed tres meses de ca\u00eddas interanuales consecutivas.<\/strong><\/h6>\n<p>Las ventas en los supermercados registraron en julio un incremento del 5,3% <strong>en relaci\u00f3n a igual per\u00edodo del a\u00f1o pasado,<\/strong>\u00a0inform\u00f3 el Instituto Nacional de Estad\u00edstica y Censos (Indec).<\/p>\n<p>En tanto, las ventas en los grandes centros de compra aumentaron 7,5% y quebr\u00f3 as\u00ed tres meses de ca\u00eddas interanuales consecutivas, inform\u00f3 el organismo.<\/p>\n<p>Por su parte, los\u00a0<strong>grandes centros de compra,\u00a0<\/strong>mostraron durante julio un aumento del 46,6% en sus ventas, medidas estas a precios constates.<\/p>\n<p>Durante julio, las\u00a0<strong>ventas en los supermercados<\/strong>\u00a0ascendieron a $ 228.215, medido a precios corrientes, de las cuales, 36,5% se efectuaron con Tarjeta de Cr\u00e9dito, 30,2% con D\u00e9bito, 29,2% en Efectivo, y 4,1% en \u201cotros medios de pago\u201d.<\/p>\n<p><strong>El \u00edndice de precios impl\u00edcitos,\u00a0<\/strong>mostr\u00f3 en julio un aumento del 7,7% en julio respecto a junio \u2013 la inflaci\u00f3n minorista fue del 7,4% &#8211; y del 72,5% en los \u00faltimos 12 meses, inform\u00f3 el Indec.<\/p>\n<p>En los<strong>\u00a0autoservicios mayoristas<\/strong>, la recaudaci\u00f3n a precio corriente fue de $ 39.725 millones, con un incremento interanual del 86,4%.<\/p>\n<p><strong>En efectivo<\/strong>, se realizaron el 42,2% de las adquisiciones, 23,8% en tarjeta de d\u00e9bito; 18% con cr\u00e9dito, y 16% con \u201cotros medios de pago\u201d.<\/p>\n<p>En cuanto a los\u00a0<strong>centros comerciales<\/strong>, la suba del 46,6% en las ventas mostr\u00f3 un alza del 55,6% en Capital Federal y el Gran Buenos Aires, y del 34,3% en el Resto del Pa\u00eds.<\/p>\n<p>Las\u00a0<strong>ventas totales a precios corrientes<\/strong>\u00a0en julio de 2022, para la Ciudad Aut\u00f3noma de Buenos Aires, alcanzaron los $ 22.412 millones, lo que represent\u00f3 un incremento interanual de 187,8%.<\/p>\n<p><strong>En los 24 partidos del Gran Buenos Aires,<\/strong>\u00a0las ventas ascendieron a $ 21.419 millones , lo que constituy\u00f3 un aumento del 190 %. Por su parte, la Regi\u00f3n Pampeana alcanz\u00f3 los $ 14.534,2 millones, y 144,8% respectivamente.<\/p>\n<p>En tanto,\u00a0<strong>en la Regi\u00f3n Cuyo<\/strong>\u00a0alcanzaron los $ 4.871 millones, con un aumento de 126,6% respecto a igual mes del a\u00f1o anterior. Por \u00faltimo, las<strong>\u00a0regiones Norte y Patagonia<\/strong>\u00a0obtuvieron valores de $ 3.703 y $ 2.974 millones, con aumentos porcentuales de 120,8% y 149,3%, respectivamente.<\/p>\n<p>&nbsp;<\/p>\n","protected":false},"excerpt":{"rendered":"<p>&nbsp; En tanto, las ventas en los grandes centros de compra aumentaron 7,5% y quebr\u00f3 as\u00ed tres meses de ca\u00eddas<\/p>\n","protected":false},"author":1,"featured_media":82967,"comment_status":"closed","ping_status":"closed","sticky":false,"template":"","format":"standard","meta":{"kia_subtitle":"","footnotes":"","jetpack_publicize_message":"Las ventas en los supermercados aumentaron 5,3% en julio","jetpack_publicize_feature_enabled":true,"jetpack_social_post_already_shared":true,"jetpack_social_options":{"image_generator_settings":{"template":"highway","default_image_id":0,"font":"","enabled":false},"version":2}},"categories":[3,41],"tags":[],"class_list":["post-82966","post","type-post","status-publish","format-standard","has-post-thumbnail","hentry","category-actualidad","category-nacionales"],"jetpack_publicize_connections":[],"jetpack_featured_media_url":"https:\/\/laurbedigital.com.ar\/noticias\/wp-content\/uploads\/2022\/09\/20220928-Venta-supermercados.jpg","_links":{"self":[{"href":"https:\/\/laurbedigital.com.ar\/noticias\/wp-json\/wp\/v2\/posts\/82966","targetHints":{"allow":["GET"]}}],"collection":[{"href":"https:\/\/laurbedigital.com.ar\/noticias\/wp-json\/wp\/v2\/posts"}],"about":[{"href":"https:\/\/laurbedigital.com.ar\/noticias\/wp-json\/wp\/v2\/types\/post"}],"author":[{"embeddable":true,"href":"https:\/\/laurbedigital.com.ar\/noticias\/wp-json\/wp\/v2\/users\/1"}],"replies":[{"embeddable":true,"href":"https:\/\/laurbedigital.com.ar\/noticias\/wp-json\/wp\/v2\/comments?post=82966"}],"version-history":[{"count":2,"href":"https:\/\/laurbedigital.com.ar\/noticias\/wp-json\/wp\/v2\/posts\/82966\/revisions"}],"predecessor-version":[{"id":82969,"href":"https:\/\/laurbedigital.com.ar\/noticias\/wp-json\/wp\/v2\/posts\/82966\/revisions\/82969"}],"wp:featuredmedia":[{"embeddable":true,"href":"https:\/\/laurbedigital.com.ar\/noticias\/wp-json\/wp\/v2\/media\/82967"}],"wp:attachment":[{"href":"https:\/\/laurbedigital.com.ar\/noticias\/wp-json\/wp\/v2\/media?parent=82966"}],"wp:term":[{"taxonomy":"category","embeddable":true,"href":"https:\/\/laurbedigital.com.ar\/noticias\/wp-json\/wp\/v2\/categories?post=82966"},{"taxonomy":"post_tag","embeddable":true,"href":"https:\/\/laurbedigital.com.ar\/noticias\/wp-json\/wp\/v2\/tags?post=82966"}],"curies":[{"name":"wp","href":"https:\/\/api.w.org\/{rel}","templated":true}]}}