{"id":82962,"date":"2022-09-27T22:45:19","date_gmt":"2022-09-28T01:45:19","guid":{"rendered":"https:\/\/laurbedigital.com.ar\/noticias\/?p=82962"},"modified":"2022-09-27T22:45:19","modified_gmt":"2022-09-28T01:45:19","slug":"cristina-busca-que-se-avance-sobre-otros-miembros-del-grupo-de-uliarte-y-sabag-montiel","status":"publish","type":"post","link":"https:\/\/laurbedigital.com.ar\/noticias\/2022\/09\/27\/cristina-busca-que-se-avance-sobre-otros-miembros-del-grupo-de-uliarte-y-sabag-montiel\/","title":{"rendered":"Cristina busca que se avance sobre otros miembros del grupo de Uliarte y Sabag Montiel"},"content":{"rendered":"<p>&nbsp;<\/p>\n<h6><strong>La querella de la exmandataria solicitar\u00e1 que citen, en calidad de imputados, a\u00a0Sergio Eduardo Orozco y tambi\u00e9n a una persona llamada Joana.<\/strong><\/h6>\n<p>La querella de la vicepresidenta Cristina Fern\u00e1ndez de Kirchner solicit\u00f3 a la justicia una serie de medidas de prueba, entre las que se destacan los pedidos para que se cite a dar declaraci\u00f3n indagatoria a otros miembros del grupo del grupo que<strong>\u00a0integraban Brenda Uliarte y Fernando Sabag Montiel<\/strong>, los dos principales acusados del atentado contra la expresidenta, informaron fuentes judiciales.<\/p>\n<p>Los abogados que representan a la expresidenta\u00a0<strong>solicitaron que Sergio Eduardo Orozco sea citado en calidad de imputado<\/strong>: se trata uno de los supuestos vendedores ambulantes que se present\u00f3 junto con Uliarte en la entrevista que dieron el martes dos de septiembre al canal Telef\u00e9 y es adem\u00e1s quien puso la casa en la que se reuni\u00f3 el grupo horas despu\u00e9s del ataque fallido.<br \/>\nLa audiencia a Carrizo<\/p>\n<p>La informaci\u00f3n se conoci\u00f3 durante la audiencia de este martes en la que de Nicol\u00e1s Gabriel Carrizo, l\u00edder del grupo que en la justicia se conoce como \u00ablos copitos\u00bb, reclam\u00f3 su excarcelaci\u00f3n -que le fue denegada- y su abogado defensor, <strong>Gast\u00f3n Marano<\/strong>, pidi\u00f3 incorporar como testimonio favorable a su defendido una declaraci\u00f3n que el mismo le hab\u00eda tomado a Orozco ante un escribano p\u00fablico.<\/p>\n<p>Tras se\u00f1alar que esa declaraci\u00f3n no ten\u00eda ning\u00fan valor para el proceso, el abogado Marcos Aldazabal, en representaci\u00f3n de la querella, advirti\u00f3 que pretend\u00edan que Orozco sea convocado a prestar declaraci\u00f3n indagatoria para que se eval\u00fae su eventual aporte al plan criminal que investigan la jueza Mar\u00eda Eugenia Capuchetti y el fiscal Carlos R\u00edvolo.<\/p>\n<p><strong>De la informaci\u00f3n extra\u00edda del celular de Carrizo e incorporada a la causa surge que Orozco, apodado \u00abChecho\u00bb, estaba preocupado por haber recibido a Uliarte en la casa en la que el viv\u00eda junto con su hermano<\/strong>.<\/p>\n<p><strong>\u00abEstoy hasta las manos. Porque le van a pedir d\u00f3nde estuvo\u00bb<\/strong>, se quej\u00f3 Orozco en un mensaje que le envi\u00f3 a Carrizo instantes despu\u00e9s de enterarse de la detenci\u00f3n de Uliarte, seg\u00fan pudo reconstruir T\u00e9lam.<\/p>\n<h4><strong>Nuevas l\u00edneas de investigaci\u00f3n<\/strong><\/h4>\n<p>De las propias comunicaciones de Carrizo surgen otras l\u00edneas de investigaci\u00f3n en las cuales ya se enfoc\u00f3 la querella: una de ellas coloca bajo sospecha a una persona a la cual ten\u00eda agendada como \u00abJoa\u00bb que aparece en whatsapp como alguien que, despu\u00e9s del ataque, manejaba informaci\u00f3n sensible vinculada a la causa por la cual ya estaba detenido Sabag Montiel.<\/p>\n<p><strong>La fiscal\u00eda hab\u00eda pedido que se cite a esa persona, de nombre Joana<\/strong>, como testigo, para que explique una serie de mensajes que podr\u00edan ser \u00fatiles para la investigaci\u00f3n, pero seg\u00fan pudo saber T\u00e9lam la querella reclam\u00f3 que sea convocada en calidad de imputada.<\/p>\n<p>Para los abogados de la querella, Marcos Aldazabal y Jos\u00e9 Manuel Ubeira,<strong>\u00a0la persona detr\u00e1s de esos mensajes parece dar instrucciones al grupo\u00a0<\/strong>sobre como moverse en relaci\u00f3n a la investigaci\u00f3n judicial que podr\u00eda tenerlos por sospechosos.<\/p>\n<p>Para la querella, investigar el papel de \u00abJoa\u00bb, junto con el de Carrizo, podr\u00eda conducir hac\u00eda otros eventuales involucrados en la maniobra que hubieran tenido un rol \u00abintelectual\u00bb.<\/p>\n<p><strong>En el expediente judicial hay cuatro mensajes de audio de whatsaap de \u00abJoa\u00bb<\/strong>, extra\u00eddos del tel\u00e9fono de Carrizo, y que corresponden a una conversaci\u00f3n que el domingo 4 de septiembre, cuando detuvieron a Uliarte, y dur\u00f3 hasta pasada la medianoche.<\/p>\n<p>\u00abAmigo yo no voy a vaciar nada ni voy a borrar nada y desde ya les digo, ni se les ocurra borrar nada, porque ah\u00ed si que van a flashear que ustedes tienen algo que ver y no tienen nada que ver, hagan vida normal, no se persigan\u00bb, dec\u00eda Joana, cuyo apellido se mantendr\u00e1 en reserva, en uno de los audios detectados por la justicia.<\/p>\n<p><strong>\u00abSigan su vida normal, es al pedo perseguirse, y eso de borrar los chats no, porque por m\u00e1s que vos los vac\u00edes por el IMEI te lo rastrean y saben todo lo que vos habl\u00e1s, lo que borr\u00e1s, lo que dec\u00eds, no dec\u00eds, o sea, saben todo\u00bb<\/strong>, les recomendaba a Carrizo y otros contactos en un grupo de whatsapp.<\/p>\n<p>\u00abTengan en cuenta tambi\u00e9n, que lo que hablan, a ver&#8230; hay algunos que tienen los celulares pinchados y van a seguir pinchando los celulares, hasta encontrar v\u00ednculos, hasta encontrar cosas, sigan&#8230; a ver&#8230; todos sabemos que nadie conoc\u00eda lo que hab\u00eda detr\u00e1s de esa persona (en referencia a Sabag Montiel), porque parec\u00eda una persona cuerda, normal, educado, pero bueno\u00bb, dec\u00eda en otro de los mensajes.<\/p>\n<h4><strong>Las investigaciones judiciales<\/strong><\/h4>\n<p>Aunque a\u00fan sin pistas firmes, desde la Justicia federal insisten en que todas las l\u00edneas de investigaci\u00f3n permaneces abiertas y en que se buscar\u00e1 descifrar qui\u00e9nes pudieron estar por detr\u00e1s de los autores del ataque fallido contra la vicepresidenta ocurrido el 1\u00b0 de septiembre.<\/p>\n<p>La idea de que el ataque fue planificado por personas distintas a quienes finalmente lo ejecutaron es una de las principales l\u00edneas investigativas empujada por la querella, y as\u00ed lo revel\u00f3 la propia Vicepresidenta el \u00faltimo viernes cuando aleg\u00f3 en defensa propia en el juicio que se le sigue por el caso conocido como \u00abVialidad\u00bb.<\/p>\n<p>\u00abNadie puede pensar que esa banda (de autores materiales) planific\u00f3 o ide\u00f3 la autor\u00eda intelectual de lo que me hicieron\u00bb, sostuvo Fern\u00e1ndez de Kirchner desde su despacho del Senado en el marco de una audiencia que se transmiti\u00f3 en vivo a trav\u00e9s del canal de YouTube que dispuso el Tribunal Oral Federal (TOF) 2, que interviene en esa causa.<\/p>\n<p>En el af\u00e1n de avanzar con la l\u00ednea que pueda conducir a averiguar qui\u00e9nes orquestaron el ataque -si es que fueron personas distintas a las que lo ejecutaron-, T\u00e9lam pudo saber que se est\u00e1n analizando las llamadas entrantes y salientes de los imputados, de donde podr\u00edan surgir conexiones de inter\u00e9s para la investigaci\u00f3n. t\u00e9lam<\/p>\n<p>&nbsp;<\/p>\n","protected":false},"excerpt":{"rendered":"<p>&nbsp; La querella de la exmandataria solicitar\u00e1 que citen, en calidad de imputados, a\u00a0Sergio Eduardo Orozco y tambi\u00e9n a una<\/p>\n","protected":false},"author":1,"featured_media":82963,"comment_status":"closed","ping_status":"closed","sticky":false,"template":"","format":"standard","meta":{"kia_subtitle":"","footnotes":"","jetpack_publicize_message":"","jetpack_publicize_feature_enabled":true,"jetpack_social_post_already_shared":true,"jetpack_social_options":{"image_generator_settings":{"template":"highway","default_image_id":0,"font":"","enabled":false},"version":2}},"categories":[8],"tags":[],"class_list":["post-82962","post","type-post","status-publish","format-standard","has-post-thumbnail","hentry","category-policiales"],"jetpack_publicize_connections":[],"jetpack_featured_media_url":"https:\/\/laurbedigital.com.ar\/noticias\/wp-content\/uploads\/2022\/09\/20220928-Atentado-Cristina.jpg","_links":{"self":[{"href":"https:\/\/laurbedigital.com.ar\/noticias\/wp-json\/wp\/v2\/posts\/82962","targetHints":{"allow":["GET"]}}],"collection":[{"href":"https:\/\/laurbedigital.com.ar\/noticias\/wp-json\/wp\/v2\/posts"}],"about":[{"href":"https:\/\/laurbedigital.com.ar\/noticias\/wp-json\/wp\/v2\/types\/post"}],"author":[{"embeddable":true,"href":"https:\/\/laurbedigital.com.ar\/noticias\/wp-json\/wp\/v2\/users\/1"}],"replies":[{"embeddable":true,"href":"https:\/\/laurbedigital.com.ar\/noticias\/wp-json\/wp\/v2\/comments?post=82962"}],"version-history":[{"count":2,"href":"https:\/\/laurbedigital.com.ar\/noticias\/wp-json\/wp\/v2\/posts\/82962\/revisions"}],"predecessor-version":[{"id":82965,"href":"https:\/\/laurbedigital.com.ar\/noticias\/wp-json\/wp\/v2\/posts\/82962\/revisions\/82965"}],"wp:featuredmedia":[{"embeddable":true,"href":"https:\/\/laurbedigital.com.ar\/noticias\/wp-json\/wp\/v2\/media\/82963"}],"wp:attachment":[{"href":"https:\/\/laurbedigital.com.ar\/noticias\/wp-json\/wp\/v2\/media?parent=82962"}],"wp:term":[{"taxonomy":"category","embeddable":true,"href":"https:\/\/laurbedigital.com.ar\/noticias\/wp-json\/wp\/v2\/categories?post=82962"},{"taxonomy":"post_tag","embeddable":true,"href":"https:\/\/laurbedigital.com.ar\/noticias\/wp-json\/wp\/v2\/tags?post=82962"}],"curies":[{"name":"wp","href":"https:\/\/api.w.org\/{rel}","templated":true}]}}