{"id":82817,"date":"2024-09-24T00:08:26","date_gmt":"2024-09-24T03:08:26","guid":{"rendered":"https:\/\/laurbedigital.com.ar\/noticias\/?p=82817"},"modified":"2024-09-23T23:28:49","modified_gmt":"2024-09-24T02:28:49","slug":"dia-del-colectivero-por-que-se-celebra-hoy-24-de-septiembre","status":"publish","type":"post","link":"https:\/\/laurbedigital.com.ar\/noticias\/2024\/09\/24\/dia-del-colectivero-por-que-se-celebra-hoy-24-de-septiembre\/","title":{"rendered":"D\u00eda del Colectivero: \u00bfpor qu\u00e9 se celebra hoy, 24 de septiembre?"},"content":{"rendered":"<h4><strong>Un homenaje a los choferes de colectivos<\/strong><\/h4>\n<p>El 24 de septiembre no es solo un d\u00eda m\u00e1s en el calendario; es una jornada significativa que destaca la labor de los colectiveros, quienes desempe\u00f1an un papel crucial en la vida cotidiana de millones de argentinos. Este d\u00eda fue elegido en honor a la fundaci\u00f3n de la primera empresa de transporte p\u00fablico en Buenos Aires, la \u00abEmpresa de Transportes de Pasajeros\u00bb, que se estableci\u00f3 en 1925. Desde entonces, los colectiveros han sido considerados un pilar fundamental en el sistema de transporte urbano.<\/p>\n<h4><strong>La importancia del colectivo en la vida diaria<\/strong><\/h4>\n<p>El colectivo se ha convertido en el medio de transporte m\u00e1s utilizado en el pa\u00eds, representando no solo una forma de movilizaci\u00f3n, sino tambi\u00e9n una herramienta vital para el desarrollo econ\u00f3mico y social. Este medio de transporte conecta a las personas con sus trabajos, escuelas y actividades diarias, facilitando la movilidad en una ciudad en constante crecimiento como Buenos Aires.<\/p>\n<h4><strong>Un d\u00eda para reflexionar sobre su labor<\/strong><\/h4>\n<p>El D\u00eda del Colectivero invita a reflexionar sobre los desaf\u00edos que enfrentan estos trabajadores. A pesar de su importancia, los colectiveros a menudo se enfrentan a condiciones laborales dif\u00edciles, largas jornadas de trabajo y situaciones de riesgo en las calles. Este reconocimiento busca visibilizar su contribuci\u00f3n y la necesidad de garantizar mejores condiciones laborales y de seguridad.<\/p>\n<h4><strong>El homenaje de la comunidad<\/strong><\/h4>\n<p>La celebraci\u00f3n del D\u00eda del Colectivero se extiende m\u00e1s all\u00e1 de un simple reconocimiento. Es una oportunidad para que la comunidad se una en agradecimiento a estos trabajadores. Muchas empresas de transporte organizan eventos y actividades para celebrar esta fecha, incluyendo capacitaciones y encuentros en los que se discuten las mejores pr\u00e1cticas en el servicio al pasajero y la seguridad vial.<\/p>\n","protected":false},"excerpt":{"rendered":"<p>Un homenaje a los choferes de colectivos El 24 de septiembre no es solo un d\u00eda m\u00e1s en el calendario;<\/p>\n","protected":false},"author":1,"featured_media":82818,"comment_status":"closed","ping_status":"closed","sticky":false,"template":"","format":"standard","meta":{"kia_subtitle":"Cada 24 de septiembre se conmemora el D\u00eda del Colectivero en Argentina, una fecha que rinde homenaje a aquellos que, con su dedicaci\u00f3n y esfuerzo, hacen posible el funcionamiento del transporte p\u00fablico.","footnotes":"","jetpack_publicize_message":"D\u00eda del Colectivero: \u00bfpor qu\u00e9 se celebra hoy, 24 de septiembre?","jetpack_publicize_feature_enabled":true,"jetpack_social_post_already_shared":true,"jetpack_social_options":{"image_generator_settings":{"template":"highway","default_image_id":0,"font":"","enabled":false},"version":2}},"categories":[5,2594],"tags":[],"class_list":["post-82817","post","type-post","status-publish","format-standard","has-post-thumbnail","hentry","category-cultura","category-efemerides"],"jetpack_publicize_connections":[],"jetpack_featured_media_url":"https:\/\/laurbedigital.com.ar\/noticias\/wp-content\/uploads\/2022\/09\/20220924-colectivero.jpg","_links":{"self":[{"href":"https:\/\/laurbedigital.com.ar\/noticias\/wp-json\/wp\/v2\/posts\/82817","targetHints":{"allow":["GET"]}}],"collection":[{"href":"https:\/\/laurbedigital.com.ar\/noticias\/wp-json\/wp\/v2\/posts"}],"about":[{"href":"https:\/\/laurbedigital.com.ar\/noticias\/wp-json\/wp\/v2\/types\/post"}],"author":[{"embeddable":true,"href":"https:\/\/laurbedigital.com.ar\/noticias\/wp-json\/wp\/v2\/users\/1"}],"replies":[{"embeddable":true,"href":"https:\/\/laurbedigital.com.ar\/noticias\/wp-json\/wp\/v2\/comments?post=82817"}],"version-history":[{"count":5,"href":"https:\/\/laurbedigital.com.ar\/noticias\/wp-json\/wp\/v2\/posts\/82817\/revisions"}],"predecessor-version":[{"id":109070,"href":"https:\/\/laurbedigital.com.ar\/noticias\/wp-json\/wp\/v2\/posts\/82817\/revisions\/109070"}],"wp:featuredmedia":[{"embeddable":true,"href":"https:\/\/laurbedigital.com.ar\/noticias\/wp-json\/wp\/v2\/media\/82818"}],"wp:attachment":[{"href":"https:\/\/laurbedigital.com.ar\/noticias\/wp-json\/wp\/v2\/media?parent=82817"}],"wp:term":[{"taxonomy":"category","embeddable":true,"href":"https:\/\/laurbedigital.com.ar\/noticias\/wp-json\/wp\/v2\/categories?post=82817"},{"taxonomy":"post_tag","embeddable":true,"href":"https:\/\/laurbedigital.com.ar\/noticias\/wp-json\/wp\/v2\/tags?post=82817"}],"curies":[{"name":"wp","href":"https:\/\/api.w.org\/{rel}","templated":true}]}}