{"id":82766,"date":"2022-09-22T22:14:26","date_gmt":"2022-09-23T01:14:26","guid":{"rendered":"https:\/\/laurbedigital.com.ar\/noticias\/?p=82766"},"modified":"2022-09-22T22:14:26","modified_gmt":"2022-09-23T01:14:26","slug":"agustina-diaz-seguira-detenida-en-la-causa-por-el-ataque-a-cfk","status":"publish","type":"post","link":"https:\/\/laurbedigital.com.ar\/noticias\/2022\/09\/22\/agustina-diaz-seguira-detenida-en-la-causa-por-el-ataque-a-cfk\/","title":{"rendered":"Agustina D\u00edaz seguir\u00e1 detenida en la causa por el ataque a CFK"},"content":{"rendered":"<p>&nbsp;<\/p>\n<h6>\u00abMat\u00e1 a quien vos quieras y ocult\u00e1 las huellas\u00bb, record\u00f3 la querella al repasar los mensajes que Agustina D\u00edaz le envi\u00f3 a su amiga Brenda Uliarte.<\/h6>\n<p>Agustina D\u00edaz, amiga de Brenda Uliarte,\u00a0<strong>seguir\u00e1 detenida<\/strong>\u00a0en la causa por el intento de magnicidio contra la vicepresidenta Cristina Fern\u00e1ndez de Kirchner, por decisi\u00f3n de la C\u00e1mara Federal porte\u00f1a, que remarc\u00f3 la \u00abmagnitud del hecho\u00bb y su \u00abgravedad institucional\u00bb al\u00a0<strong>negar la excarcelaci\u00f3n pedida<\/strong>\u00a0por la defensa de la joven.<\/p>\n<p>La decisi\u00f3n se tom\u00f3 poco despu\u00e9s de escuchar en una audiencia presencial a la querella de la Vicepresidenta, que se opuso a la liberaci\u00f3n de la joven de 21 a\u00f1os por entender que ser\u00eda \u00abenormemente da\u00f1ino dejarla en libertad cuando a\u00fan se investiga su posible participaci\u00f3n criminal\u00bb en el hecho.<\/p>\n<p><strong>\u00abMat\u00e1 a quien vos quieras y ocult\u00e1 las huellas\u00bb<\/strong>, record\u00f3 el abogado de la querella Marcos Aldaz\u00e1bal, al citar un mensaje que D\u00edaz envi\u00f3 a Brenda Uliarte, su amiga ya procesada como presunta coautora del atentado junto al tambi\u00e9n detenido Fernando Sabag Montiel, portador del arma con la que intent\u00f3 asesinar a Fern\u00e1ndez de Kirchner la noche del 1 de septiembre pasado.<\/p>\n<p>Este y otros mensajes fueron considerados por Aldaz\u00e1bal como suficiente prueba del peligro procesal que implicar\u00eda excarcelarla en esta etapa de la causa, en la cual la fiscal\u00eda la imput\u00f3 provisoriamente como supuesta \u00abpart\u00edcipe secundaria\u00bb y de manera subsidiaria como autora de encubrimiento.<\/p>\n<p>Tras la audiencia presencial que tuvo lugar en el segundo piso de Comodoro Py 2002,\u00a0<strong>la C\u00e1mara decidi\u00f3 que D\u00edaz siga detenida<\/strong>, seg\u00fan el fallo al que tuvo acceso t\u00e9lam.<\/p>\n<p>\u00abSe valora negativamente en esta decisi\u00f3n la magnitud del hecho y la gravedad institucional que \u00e9ste representa\u00bb, advirtieron los jueces Mariano Llorens, Leopoldo Bruglia y Pablo Bertuzzi.<\/p>\n<p>Los tres integran la sala Uno del Tribunal de Apelaciones que por sorteo qued\u00f3 designada para revisar las decisiones de la jueza federal a cargo del caso Mar\u00eda Eugenia Capuchetti, quien hab\u00eda negado excarcelar a D\u00edaz.<\/p>\n<p>Los camaristas ponderaron adem\u00e1s que\u00a0<strong>la causa est\u00e1 \u00aben una etapa de recolecci\u00f3n de prueba<\/strong>\u00a0que debe ser asegurada a los efectos de evitar cualquier posible entorpecimiento\u00bb en la investigaci\u00f3n de lo ocurrido cuando la actual presidenta del Senado de la Naci\u00f3n llegaba a su domicilio del barrio de Recoleta.<\/p>\n<p>Por la ma\u00f1ana Aldaz\u00e1bal, apoderado de la Vicepresidenta junto al abogado Jos\u00e9 Manuel Ubeira, argument\u00f3 que \u00aben este momento excarcelarla ser\u00eda enormemente da\u00f1ino para una investigaci\u00f3n de esta relevancia\u00bb<\/p>\n<p>En ese sentido, los jueces del Tribunal de Apelaciones advirtieron\u00a0<strong>que \u00abse tiene en cuenta el hecho de que pudieran existir personas vinculadas\u00bb<\/strong>\u00a0a la investigaci\u00f3n \u00abque a\u00fan no fueron habidas, lo que permite presumir que en caso de recuperar su libertad, D\u00edaz podr\u00eda alertar sobre el curso de la pesquisa\u00bb, seg\u00fan la resoluci\u00f3n a la que tuvo acceso T\u00e9lam<\/p>\n<p>Aldaz\u00e1bal concurri\u00f3 a la audiencia ante el Tribunal de Apelaciones, que fue presencial y con acceso a la prensa, y dijo que \u00abla participaci\u00f3n criminal\u00bb de D\u00edaz \u00abpuede surgir de mensajes anteriores al hecho d\u00f3nde ofrece consejos\u00bb a Brenda Uliarte<\/p>\n<p><strong>\u00abPuede que haya prueba que ella conoce y nosotros a\u00fan no\u00bb<\/strong>, agreg\u00f3 Aldaz\u00e1bal y record\u00f3 que la joven de 21 a\u00f1os inst\u00f3 a Uliarte a borrar mensajes, entre otros consejos que le daba en sus intercambios.<\/p>\n<p>Tambi\u00e9n evalu\u00f3 la posible existencia de conversaciones \u00abque hayan ido m\u00e1s all\u00e1\u00bb y podr\u00edan \u00abmostrar alguna participaci\u00f3n en la preparaci\u00f3n del atentado o directamente part\u00edcipe\u00bb, algo que se ir\u00e1 dilucidando con prueba a\u00fan pendiente, sostuvo.<\/p>\n<p>D\u00edaz ampli\u00f3 ayer su declaraci\u00f3n indagatoria en el juzgado de Mar\u00eda Eugenia Capuchetti y en ese tr\u00e1mite se la imput\u00f3 por haber intervenido \u00abactivamente en la planificaci\u00f3n del suceso\u00bb, seg\u00fan el texto al que tuvo acceso T\u00e9lam.<\/p>\n<p>Para ello mantuvo<strong>\u00a0\u00abnumerosas conversaciones con Brenda Elizabeth Uliarte\u00a0<\/strong>en las cuales establecieron el modo de cometer el hecho, d\u00e1ndole consejos y advirtiendo de los peligros que pudieran aparecer y brind\u00f3 su cooperaci\u00f3n con posterioridad al mismo, a partir de promesa anterior, a fin que dicho plan no quede al descubierto\u00bb, seg\u00fan la imputaci\u00f3n que se le ley\u00f3 ayer a la acusada en el juzgado.<\/p>\n<h4><strong>La defensa hab\u00eda pedido la excarcelaci\u00f3n<\/strong><\/h4>\n<p>La defensa de D\u00edaz present\u00f3 un escrito a la sala I del Tribunal de Apelaciones porte\u00f1o y pidi\u00f3 la excarcelaci\u00f3n o en todo caso<strong>\u00a0la prisi\u00f3n domiciliaria\u00a0<\/strong>por entender que no hay riesgo de fuga o entorpecimiento de la investigaci\u00f3n.<\/p>\n<p>La defensa sostuvo que no hay riesgo de obstrucci\u00f3n de la pesquisa y que la joven de 21 a\u00f1os tiene arraigo en el pa\u00eds, estudia y vive con sus padres, explicaron fuentes del caso.<\/p>\n<p>Al concluir su indagatoria,\u00a0<strong>D\u00edaz reiter\u00f3 ser \u00abinocente\u00bb<\/strong>\u00a0y pidi\u00f3 a Capuchetti que eval\u00fae la posibilidad de dejarla entrar a su \u00abmail\u00bb para \u00abpoder usar el classroom del colegio\u00bb, seg\u00fan el acta a la que accedi\u00f3 T\u00e9lam.<\/p>\n<p>Pero la querella record\u00f3 los mensajes que intercambiaron D\u00edaz y Uliarte de manera previa y posterior al intento de homicidio de la Vicepresidenta el 1 de septiembre y entendi\u00f3 que su contenido \u00abda por tierra con todos los argumentos de la defensa referidos a que Agustina D\u00edaz no sab\u00eda lo que estaba pasando\u00bb.<\/p>\n<p>\u00abAc\u00e1 no tienen nada que hacer el principio de inocencia y que tenga arraigo\u00bb, agreg\u00f3 el letrado. Uliarte \u00able ven\u00eda diciendo &#8216;voy a matar a Cristina'\u00bb, analiz\u00f3 la querella en base a estos mensajes que fueron obtenidos de los tel\u00e9fonos celulares peritados en la investigaci\u00f3n.<\/p>\n<p>\u00abEl contenido de los mensajes es un riesgo procesal en s\u00ed mismo\u00bb, remarc\u00f3 Aldaz\u00e1bal. Al respecto, record\u00f3 mensajes entre D\u00edaz y Uliarte en junio \u00faltimo, donde ella le mand\u00f3 su foto con un arma y luego la borr\u00f3.<\/p>\n<p>D\u00edaz, agendada por Uliarte como \u00abamor de mi vida\u00bb, \u00abse r\u00ede\u00bb y \u00able dice que lleg\u00f3 a ver la foto\u00bb Uliarte \u00able dice que es el fierro de un amigo\u00bb y que no diga \u00abnada\u00bb. Esto fue \u00abdos meses y medio antes. Ella sab\u00eda que Uliarte ten\u00eda una pistola\u00bb, remarc\u00f3 Aldaz\u00e1bal.<\/p>\n<p>\u00abOtro d\u00eda le dice<strong>\u00a0&#8216;voy con el fierro y le pego un tiro a Cristina. Estuve practicando tiro, se usar un fierro\u00bb,\u00a0<\/strong>record\u00f3 el abogado sobre los dichos de Uliarte a D\u00edaz.<\/p>\n<p>Adem\u00e1s repas\u00f3 las respuestas de D\u00edaz, como la que brind\u00f3 el 27 de agosto (cuatro d\u00edas antes del intento de magnicidio), cuando le contest\u00f3 a Uliarte: \u00abMat\u00e1 a quien vos quieras y ocult\u00e1 huellas\u00bb<\/p>\n<p>Tambi\u00e9n record\u00f3 mensajes la ma\u00f1ana posterior al fallido intento de asesinato cometido por el otro detenido en la causa, Fernando Sabag Montiel, que mostraron que D\u00edaz \u00absab\u00eda algo antes\u00bb porque le preguntaba a Brenda por qu\u00e9 el acusado \u00abno hab\u00eda practicado\u00bb.<\/p>\n<p>&nbsp;<\/p>\n","protected":false},"excerpt":{"rendered":"<p>&nbsp; \u00abMat\u00e1 a quien vos quieras y ocult\u00e1 las huellas\u00bb, record\u00f3 la querella al repasar los mensajes que Agustina D\u00edaz<\/p>\n","protected":false},"author":1,"featured_media":82767,"comment_status":"closed","ping_status":"closed","sticky":false,"template":"","format":"standard","meta":{"kia_subtitle":"","footnotes":"","jetpack_publicize_message":"","jetpack_publicize_feature_enabled":true,"jetpack_social_post_already_shared":true,"jetpack_social_options":{"image_generator_settings":{"template":"highway","default_image_id":0,"font":"","enabled":false},"version":2}},"categories":[8],"tags":[],"class_list":["post-82766","post","type-post","status-publish","format-standard","has-post-thumbnail","hentry","category-policiales"],"jetpack_publicize_connections":[],"jetpack_featured_media_url":"https:\/\/laurbedigital.com.ar\/noticias\/wp-content\/uploads\/2022\/09\/20220923-Agustina-Diaz.jpg","_links":{"self":[{"href":"https:\/\/laurbedigital.com.ar\/noticias\/wp-json\/wp\/v2\/posts\/82766","targetHints":{"allow":["GET"]}}],"collection":[{"href":"https:\/\/laurbedigital.com.ar\/noticias\/wp-json\/wp\/v2\/posts"}],"about":[{"href":"https:\/\/laurbedigital.com.ar\/noticias\/wp-json\/wp\/v2\/types\/post"}],"author":[{"embeddable":true,"href":"https:\/\/laurbedigital.com.ar\/noticias\/wp-json\/wp\/v2\/users\/1"}],"replies":[{"embeddable":true,"href":"https:\/\/laurbedigital.com.ar\/noticias\/wp-json\/wp\/v2\/comments?post=82766"}],"version-history":[{"count":2,"href":"https:\/\/laurbedigital.com.ar\/noticias\/wp-json\/wp\/v2\/posts\/82766\/revisions"}],"predecessor-version":[{"id":82769,"href":"https:\/\/laurbedigital.com.ar\/noticias\/wp-json\/wp\/v2\/posts\/82766\/revisions\/82769"}],"wp:featuredmedia":[{"embeddable":true,"href":"https:\/\/laurbedigital.com.ar\/noticias\/wp-json\/wp\/v2\/media\/82767"}],"wp:attachment":[{"href":"https:\/\/laurbedigital.com.ar\/noticias\/wp-json\/wp\/v2\/media?parent=82766"}],"wp:term":[{"taxonomy":"category","embeddable":true,"href":"https:\/\/laurbedigital.com.ar\/noticias\/wp-json\/wp\/v2\/categories?post=82766"},{"taxonomy":"post_tag","embeddable":true,"href":"https:\/\/laurbedigital.com.ar\/noticias\/wp-json\/wp\/v2\/tags?post=82766"}],"curies":[{"name":"wp","href":"https:\/\/api.w.org\/{rel}","templated":true}]}}