{"id":82674,"date":"2022-09-20T21:47:45","date_gmt":"2022-09-21T00:47:45","guid":{"rendered":"https:\/\/laurbedigital.com.ar\/noticias\/?p=82674"},"modified":"2022-09-20T21:47:45","modified_gmt":"2022-09-21T00:47:45","slug":"alberto-fernandez-debemos-trabajar-acuerdos-globales-que-aseguren-la-estabilidad-democratica","status":"publish","type":"post","link":"https:\/\/laurbedigital.com.ar\/noticias\/2022\/09\/20\/alberto-fernandez-debemos-trabajar-acuerdos-globales-que-aseguren-la-estabilidad-democratica\/","title":{"rendered":"Alberto Fern\u00e1ndez: \u201cDebemos trabajar acuerdos globales que aseguren la estabilidad democr\u00e1tica\u201d"},"content":{"rendered":"<p>&nbsp;<\/p>\n<h6><strong>El presidente Alberto Fern\u00e1ndez expuso esta tarde en el 77\u00ba per\u00edodo de sesiones de la Asamblea General de las Naciones Unidas en la ciudad de Nueva York, donde convoc\u00f3 a los Estados miembros a \u201ctrabajar acuerdos globales que aseguren la estabilidad democr\u00e1tica, la paz y la convivencia\u201d.<\/strong><\/h6>\n<p>El mandatario agradeci\u00f3 la solidaridad que la Argentina recibi\u00f3 del mundo entero por el intento de magnicidio perpetrado contra la vicepresidenta, Cristina Fern\u00e1ndez de Kirchner, que \u201cno solo afect\u00f3 la tranquilidad p\u00fablica sino tambi\u00e9n busc\u00f3 alterar una virtuosa construcci\u00f3n colectiva que el a\u00f1o entrante cumplir\u00e1 cuatro d\u00e9cadas. En 1983 recuperamos la democracia e iniciamos un largo ciclo hist\u00f3rico en el cual alternaron en el gobierno distintas fuerzas pol\u00edticas\u201d.<\/p>\n<p><iframe loading=\"lazy\" title=\"El presidente intervino en el 77\u00ba Per\u00edodo de sesiones de la Asamblea General de la ONU.\" src=\"https:\/\/www.youtube.com\/embed\/tQMM92s_Qmk\" width=\"560\" height=\"315\" frameborder=\"0\" allowfullscreen=\"allowfullscreen\"><\/iframe><\/p>\n<p>En ese sentido el jefe de Estado expres\u00f3 que las argentinas y los argentinos \u201cvaloramos la democracia como un modelo de desarrollo social que exige respetar al otro en la diversidad\u201d. Y a\u00f1adi\u00f3 \u201cestoy seguro que la violencia fascista que se disfraza de republicanismo no conseguir\u00e1 cambiar ese amplio consenso al que adhiere la inmensa mayor\u00eda de nuestra sociedad\u201d.<\/p>\n<p>En esta l\u00ednea asegur\u00f3: \u201cQuienes buscan debilitar y erosionar las democracias, tienen intereses espec\u00edficos que los lleva a promover la polarizaci\u00f3n extrema\u201d y llam\u00f3 a generar \u201cun en\u00e9rgico rechazo global a quienes promueven la divisi\u00f3n en nuestras comunidades\u201d.<\/p>\n<p>Asimismo, el presidente expres\u00f3 que \u201clas injusticias s\u00f3lo se agravar\u00e1n si las posiciones extremas se instalan, si las guerras se sostienen en el tiempo profundizando el hambre\u201d. Y ejemplific\u00f3: \u201cNecesitamos trabajar unidos para imponer el di\u00e1logo y recuperar la paz en la disputa iniciada con el avance militar de la Federaci\u00f3n Rusa sobre el territorio de Ucrania\u201d.<\/p>\n<p>\u201cSostener este presente, solo incrementar\u00e1 la pobreza y la marginalidad. Si no cambiamos no podremos edificar sociedades m\u00e1s justas y libres, estables, comprometidas con sus instituciones\u201d, agreg\u00f3.<\/p>\n<p>En ese marco afirm\u00f3, adem\u00e1s, que \u201clas naciones endeudadas padecen mucho m\u00e1s los efectos del sistema establecido. Argentina est\u00e1 entre ellas\u201d y agradeci\u00f3 \u201ca los Estados que nos apoyaron y nos apoyan en el complejo proceso de renegociaci\u00f3n de nuestra deuda externa. Es un endeudamiento que mi gobierno no gener\u00f3, pero que afronta con toda seriedad\u201d.<\/p>\n<p>En otro tramo del discurso, el mandatario se refiri\u00f3 a la seguridad alimentaria y asegur\u00f3 que \u201cdebemos garantizarla a todos los habitantes del planeta. No podemos transitar este tiempo con hambrunas\u201d y lo vincul\u00f3 con la responsabilidad que tienen los Estados y la sociedad en la preservaci\u00f3n del medioambiente. \u201cAs\u00ed como estamos obligados a buscar un desarrollo que llegue a todas y todos, la situaci\u00f3n ambiental de nuestro planeta nos exige con urgencia una acci\u00f3n firme y decidida en favor de las generaciones futuras\u201d.<\/p>\n<p>Asimismo, agradeci\u00f3 a los Estados miembros \u201cpor haber confiado en la Argentina para ejercer la presidencia del Consejo de Derechos Humanos durante este a\u00f1o\u201d y afirm\u00f3: \u201cLa defensa de los derechos humanos forma parte de nuestra identidad y de nuestra historia\u201d.<\/p>\n<p>En referencia a los atentados a la embajada de Israel y a la sede de la AMIA, el mandatario declar\u00f3 que la Argentina \u201ccondena al terrorismo en todas sus formas y manifestaciones\u201d y convoc\u00f3 a combatirlo \u201cen el marco del estado de derecho y del pleno respeto al derecho internacional\u201d.<\/p>\n<p>A continuaci\u00f3n, Alberto Fern\u00e1ndez abord\u00f3 el reclamo de soberan\u00eda de la Rep\u00fablica Argentina sobre las Islas Malvinas, Georgias del Sur, S\u00e1ndwich del Sur y los espacios mar\u00edtimos circundantes y solicit\u00f3 al Secretario General \u201cque renueve sus esfuerzos en el cumplimiento de ese mandato y que el Reino Unido se avenga a acatar el llamado de la comunidad internacional y ponga fin a esta anacr\u00f3nica situaci\u00f3n colonial\u201d.<\/p>\n<p>\u201cVivimos en un mundo donde las injusticias y desigualdades se incrementan, crecen los riesgos para las democracias, se resquebraja la paz y se potencia la incertidumbre\u201d, consider\u00f3 el Presidente, y concluy\u00f3: \u201cLa humanidad est\u00e1 en riesgo. Con humildad, la Argentina extiende un llamamiento a todos los pa\u00edses del mundo para construir un nuevo paradigma global que asegure la prosperidad con justicia social\u201d.<\/p>\n<p>El presidente intervino ante la ONU por primera vez de manera presencial, ya que durante 2020 y 2021 lo hizo de manera virtual por la pandemia de Covid-19. Posteriormente participar\u00e1 de una cena de trabajo junto a los Jefes de Estado organizada por su par de Francia, Emmanuel Macron.<\/p>\n<p>&nbsp;<\/p>\n","protected":false},"excerpt":{"rendered":"<p>&nbsp; El presidente Alberto Fern\u00e1ndez expuso esta tarde en el 77\u00ba per\u00edodo de sesiones de la Asamblea General de las<\/p>\n","protected":false},"author":1,"featured_media":82675,"comment_status":"closed","ping_status":"closed","sticky":false,"template":"","format":"standard","meta":{"kia_subtitle":"","footnotes":"","jetpack_publicize_message":"Alberto Fern\u00e1ndez: \u201cDebemos trabajar acuerdos globales que aseguren la estabilidad democr\u00e1tica\u201d","jetpack_publicize_feature_enabled":true,"jetpack_social_post_already_shared":true,"jetpack_social_options":{"image_generator_settings":{"template":"highway","default_image_id":0,"font":"","enabled":false},"version":2}},"categories":[3,41],"tags":[],"class_list":["post-82674","post","type-post","status-publish","format-standard","has-post-thumbnail","hentry","category-actualidad","category-nacionales"],"jetpack_publicize_connections":[],"jetpack_featured_media_url":"https:\/\/laurbedigital.com.ar\/noticias\/wp-content\/uploads\/2022\/09\/20220921-Alberto-Fernandez.jpg","_links":{"self":[{"href":"https:\/\/laurbedigital.com.ar\/noticias\/wp-json\/wp\/v2\/posts\/82674","targetHints":{"allow":["GET"]}}],"collection":[{"href":"https:\/\/laurbedigital.com.ar\/noticias\/wp-json\/wp\/v2\/posts"}],"about":[{"href":"https:\/\/laurbedigital.com.ar\/noticias\/wp-json\/wp\/v2\/types\/post"}],"author":[{"embeddable":true,"href":"https:\/\/laurbedigital.com.ar\/noticias\/wp-json\/wp\/v2\/users\/1"}],"replies":[{"embeddable":true,"href":"https:\/\/laurbedigital.com.ar\/noticias\/wp-json\/wp\/v2\/comments?post=82674"}],"version-history":[{"count":2,"href":"https:\/\/laurbedigital.com.ar\/noticias\/wp-json\/wp\/v2\/posts\/82674\/revisions"}],"predecessor-version":[{"id":82677,"href":"https:\/\/laurbedigital.com.ar\/noticias\/wp-json\/wp\/v2\/posts\/82674\/revisions\/82677"}],"wp:featuredmedia":[{"embeddable":true,"href":"https:\/\/laurbedigital.com.ar\/noticias\/wp-json\/wp\/v2\/media\/82675"}],"wp:attachment":[{"href":"https:\/\/laurbedigital.com.ar\/noticias\/wp-json\/wp\/v2\/media?parent=82674"}],"wp:term":[{"taxonomy":"category","embeddable":true,"href":"https:\/\/laurbedigital.com.ar\/noticias\/wp-json\/wp\/v2\/categories?post=82674"},{"taxonomy":"post_tag","embeddable":true,"href":"https:\/\/laurbedigital.com.ar\/noticias\/wp-json\/wp\/v2\/tags?post=82674"}],"curies":[{"name":"wp","href":"https:\/\/api.w.org\/{rel}","templated":true}]}}