{"id":82629,"date":"2022-09-20T13:20:33","date_gmt":"2022-09-20T16:20:33","guid":{"rendered":"https:\/\/laurbedigital.com.ar\/noticias\/?p=82629"},"modified":"2022-09-20T00:21:22","modified_gmt":"2022-09-20T03:21:22","slug":"una-nueva-pelicula-de-karate-kid-llegara-en-2024","status":"publish","type":"post","link":"https:\/\/laurbedigital.com.ar\/noticias\/2022\/09\/20\/una-nueva-pelicula-de-karate-kid-llegara-en-2024\/","title":{"rendered":"Una nueva pel\u00edcula de Karate Kid llegar\u00e1 en 2024"},"content":{"rendered":"<p>&nbsp;<\/p>\n<h6><strong>Sony confirm\u00f3 que est\u00e1 trabajando en otra cinta de su cl\u00e1sica franquicia.<\/strong><\/h6>\n<p>Es oficial: Sony est\u00e1 trabajando en una nueva pel\u00edcula de\u00a0<b>Karate Kid<\/b>. Pese a que a\u00fan no hay detalles respecto al elenco o la trama del proyecto, durante esta semana el estudio confirm\u00f3 que presentar\u00e1 una nueva entrega de aquella saga.<\/p>\n<p>Concretamente, seg\u00fan recoge\u00a0Deadline,\u00a0<b>Sony anunci\u00f3 que estrenar\u00e1 una nueva pel\u00edcula de Karate Kid durante el 7 de junio de 2024<\/b>\u00a0en los cines de Estados Unidos.<\/p>\n<p>La franquicia de Karate Kid comenz\u00f3 con la pel\u00edcula hom\u00f3nima de 1984 sobre Daniel LaRusso (Ralph Macchio) y su amigo y sensei, el Se\u00f1or Miyagi (Pat Morita). Ante la buena recepci\u00f3n de esa cinta, la saga sigui\u00f3 con\u00a0The Karate Kid Part II\u00a0y\u00a0The Karate Kid Part III\u00a0en 1986 y 1989, respectivamente. Todo antes de dar paso a la primera cinta sin Macchio,\u00a0The Next Karate Kid, en 1994.<\/p>\n<p>De ah\u00ed en m\u00e1s la saga de Karate Kid intent\u00f3 regresar con reinicio de 2010 protagonizado por Jaden Smith. Todo mientras que en 2018 la serie\u00a0<i>Cobra Kai<\/i>\u00a0recobr\u00f3 e impuls\u00f3 las premisa de las pel\u00edculas originales.<\/p>\n<p class=\"paragraph \">Pero aunque con el reciente estreno del quinto ciclo de\u00a0<i>Cobra Kai<\/i>\u00a0la saga original de\u00a0<i>Karate Kid<\/i>\u00a0est\u00e1 m\u00e1s vigente que nunca, es posible que esta nueva pel\u00edcula no est\u00e9 conectada a la serie.<\/p>\n<p class=\"paragraph \">Despu\u00e9s de todo, un\u00a0rumor\u00a0anterior indica que esta nueva pel\u00edcula se enfocar\u00eda enfocar\u00eda en un nuevo personaje y una nueva historia que seguir\u00eda a un adolescente chino debe mudarse a Nueva York junto a su mam\u00e1. Pero mientras eso no est\u00e1 confirmado solo nos queda esperar a que la nueva pel\u00edcula de\u00a0<i>Karate Kid<\/i>\u00a0se presente en cines durante 2024.<\/p>\n<p>&nbsp;<\/p>\n","protected":false},"excerpt":{"rendered":"<p>&nbsp; Sony confirm\u00f3 que est\u00e1 trabajando en otra cinta de su cl\u00e1sica franquicia. Es oficial: Sony est\u00e1 trabajando en una<\/p>\n","protected":false},"author":1,"featured_media":82630,"comment_status":"closed","ping_status":"closed","sticky":false,"template":"","format":"standard","meta":{"kia_subtitle":"","footnotes":"","jetpack_publicize_message":"Una nueva pel\u00edcula de Karate Kid llegar\u00e1 en 2024","jetpack_publicize_feature_enabled":true,"jetpack_social_post_already_shared":true,"jetpack_social_options":{"image_generator_settings":{"template":"highway","default_image_id":0,"font":"","enabled":false},"version":2}},"categories":[68],"tags":[],"class_list":["post-82629","post","type-post","status-publish","format-standard","has-post-thumbnail","hentry","category-cine-y-series"],"jetpack_publicize_connections":[],"jetpack_featured_media_url":"https:\/\/laurbedigital.com.ar\/noticias\/wp-content\/uploads\/2022\/09\/20220920-Karate-kit.jpg","_links":{"self":[{"href":"https:\/\/laurbedigital.com.ar\/noticias\/wp-json\/wp\/v2\/posts\/82629","targetHints":{"allow":["GET"]}}],"collection":[{"href":"https:\/\/laurbedigital.com.ar\/noticias\/wp-json\/wp\/v2\/posts"}],"about":[{"href":"https:\/\/laurbedigital.com.ar\/noticias\/wp-json\/wp\/v2\/types\/post"}],"author":[{"embeddable":true,"href":"https:\/\/laurbedigital.com.ar\/noticias\/wp-json\/wp\/v2\/users\/1"}],"replies":[{"embeddable":true,"href":"https:\/\/laurbedigital.com.ar\/noticias\/wp-json\/wp\/v2\/comments?post=82629"}],"version-history":[{"count":2,"href":"https:\/\/laurbedigital.com.ar\/noticias\/wp-json\/wp\/v2\/posts\/82629\/revisions"}],"predecessor-version":[{"id":82632,"href":"https:\/\/laurbedigital.com.ar\/noticias\/wp-json\/wp\/v2\/posts\/82629\/revisions\/82632"}],"wp:featuredmedia":[{"embeddable":true,"href":"https:\/\/laurbedigital.com.ar\/noticias\/wp-json\/wp\/v2\/media\/82630"}],"wp:attachment":[{"href":"https:\/\/laurbedigital.com.ar\/noticias\/wp-json\/wp\/v2\/media?parent=82629"}],"wp:term":[{"taxonomy":"category","embeddable":true,"href":"https:\/\/laurbedigital.com.ar\/noticias\/wp-json\/wp\/v2\/categories?post=82629"},{"taxonomy":"post_tag","embeddable":true,"href":"https:\/\/laurbedigital.com.ar\/noticias\/wp-json\/wp\/v2\/tags?post=82629"}],"curies":[{"name":"wp","href":"https:\/\/api.w.org\/{rel}","templated":true}]}}