{"id":8248,"date":"2017-08-28T19:28:59","date_gmt":"2017-08-28T22:28:59","guid":{"rendered":"http:\/\/laurbedigital.com.ar\/noticias\/?p=8248"},"modified":"2017-08-28T19:28:59","modified_gmt":"2017-08-28T22:28:59","slug":"los-trailers-de-salud-siguen-recorriendo-los-barrios-de-alte-brown","status":"publish","type":"post","link":"https:\/\/laurbedigital.com.ar\/noticias\/2017\/08\/28\/los-trailers-de-salud-siguen-recorriendo-los-barrios-de-alte-brown\/","title":{"rendered":"Los trailers de salud siguen recorriendo los barrios de Alte Brown"},"content":{"rendered":"<p>En sinton\u00eda con la premisa del intendente Mariano Cascallares de acercar el Estado Municipal a los vecinos, los trailers de salud del Municipio contin\u00faan brindando atenci\u00f3n de m\u00e9dicos cl\u00ednicos, pediatras y odont\u00f3logos a los barrios de las distintas localidades de Almirante Brown.<\/p>\n<p>Hoy \u00a0lunes 28 de agosto los servicios se brindar\u00e1n en el barrio Madres de Plaza de Mayo de Ministro Rivadavia (Vucetich y Garc\u00eda), mientras que ma\u00f1ana -martes 29- \u00a0el encuentro ser\u00e1 en el barrio Plan Federal de Glew.<\/p>\n<p>Este mi\u00e9rcoles 30 de agosto la atenci\u00f3n m\u00e9dica se brindar\u00e1 en el merendero Pancitas Chifladoras de Claypole (French y Arist\u00f3bulo del Valle).<\/p>\n<p>Por su parte, el jueves 31\u00a0la cita ser\u00e1 en la sociedad de fomento 20 de Noviembre de LOngchamps (Kellerta y Romanella).<\/p>\n<p>Finalmente, el viernes 1\u00b0 de septiembre brindar\u00e1 sus servicios\u00a0\u00a0en la instituci\u00f3n Ellas Hacen de Rafael Calzada (L\u00f3pez de Gomara 6336).<\/p>\n<p>Adem\u00e1s de atenci\u00f3n m\u00e9dica, desde las 8 horas se aplicar\u00e1n las vacunas del calendario nacional a ni\u00f1os y adultos, y profesionales brindar\u00e1n orientaci\u00f3n para la prevenci\u00f3n de distintas enfermedades.<\/p>\n","protected":false},"excerpt":{"rendered":"<p>En sinton\u00eda con la premisa del intendente Mariano Cascallares de acercar el Estado Municipal a los vecinos, los trailers de<\/p>\n","protected":false},"author":1,"featured_media":8249,"comment_status":"closed","ping_status":"closed","sticky":false,"template":"","format":"standard","meta":{"kia_subtitle":"","footnotes":"","jetpack_publicize_message":"","jetpack_publicize_feature_enabled":true,"jetpack_social_post_already_shared":true,"jetpack_social_options":{"image_generator_settings":{"template":"highway","default_image_id":0,"font":"","enabled":false},"version":2}},"categories":[33,2],"tags":[],"class_list":["post-8248","post","type-post","status-publish","format-standard","has-post-thumbnail","hentry","category-alte-brown-alte-brown","category-alte-brown"],"jetpack_publicize_connections":[],"jetpack_featured_media_url":"https:\/\/laurbedigital.com.ar\/noticias\/wp-content\/uploads\/2017\/08\/20170828-brown.jpg","_links":{"self":[{"href":"https:\/\/laurbedigital.com.ar\/noticias\/wp-json\/wp\/v2\/posts\/8248","targetHints":{"allow":["GET"]}}],"collection":[{"href":"https:\/\/laurbedigital.com.ar\/noticias\/wp-json\/wp\/v2\/posts"}],"about":[{"href":"https:\/\/laurbedigital.com.ar\/noticias\/wp-json\/wp\/v2\/types\/post"}],"author":[{"embeddable":true,"href":"https:\/\/laurbedigital.com.ar\/noticias\/wp-json\/wp\/v2\/users\/1"}],"replies":[{"embeddable":true,"href":"https:\/\/laurbedigital.com.ar\/noticias\/wp-json\/wp\/v2\/comments?post=8248"}],"version-history":[{"count":1,"href":"https:\/\/laurbedigital.com.ar\/noticias\/wp-json\/wp\/v2\/posts\/8248\/revisions"}],"predecessor-version":[{"id":8250,"href":"https:\/\/laurbedigital.com.ar\/noticias\/wp-json\/wp\/v2\/posts\/8248\/revisions\/8250"}],"wp:featuredmedia":[{"embeddable":true,"href":"https:\/\/laurbedigital.com.ar\/noticias\/wp-json\/wp\/v2\/media\/8249"}],"wp:attachment":[{"href":"https:\/\/laurbedigital.com.ar\/noticias\/wp-json\/wp\/v2\/media?parent=8248"}],"wp:term":[{"taxonomy":"category","embeddable":true,"href":"https:\/\/laurbedigital.com.ar\/noticias\/wp-json\/wp\/v2\/categories?post=8248"},{"taxonomy":"post_tag","embeddable":true,"href":"https:\/\/laurbedigital.com.ar\/noticias\/wp-json\/wp\/v2\/tags?post=8248"}],"curies":[{"name":"wp","href":"https:\/\/api.w.org\/{rel}","templated":true}]}}