{"id":82367,"date":"2022-09-14T10:33:50","date_gmt":"2022-09-14T13:33:50","guid":{"rendered":"https:\/\/laurbedigital.com.ar\/noticias\/?p=82367"},"modified":"2022-09-14T10:33:50","modified_gmt":"2022-09-14T13:33:50","slug":"cafiero-cascallares-y-fabiani-recorrieron-una-pyme-metalurgica-del-parque-industrial-de-burzaco","status":"publish","type":"post","link":"https:\/\/laurbedigital.com.ar\/noticias\/2022\/09\/14\/cafiero-cascallares-y-fabiani-recorrieron-una-pyme-metalurgica-del-parque-industrial-de-burzaco\/","title":{"rendered":"Cafiero, Cascallares y Fabiani recorrieron una pyme\u00a0metal\u00fargica del Parque Industrial de Burzaco"},"content":{"rendered":"<p>&nbsp;<\/p>\n<h6 style=\"font-weight: 400;\"><strong>El canciller argentino, Santiago Cafiero, recorri\u00f3 junto con el subsecretario de Promoci\u00f3n del Comercio e Inversiones, Guillermo Merediz, con Mariano Cascallares y con el intendente de Almirante Brown, Juan Fabiani, la empresa metal\u00fargica Miguel Abad, en el Parque Industrial de Burzaco.<\/strong><\/h6>\n<p style=\"font-weight: 400;\">La recorrida se llev\u00f3 adelante en la industria ubicada en Timbo N\u00b0 2880, la cual se dedica a la creaci\u00f3n de conjuntos mec\u00e1nicos para equipos de elevaci\u00f3n, movimiento de materiales y sistemas rodantes de amplia aplicaci\u00f3n en la industria pesada.<\/p>\n<p><img loading=\"lazy\" decoding=\"async\" class=\"alignnone size-full wp-image-82371\" src=\"https:\/\/laurbedigital.com.ar\/noticias\/wp-content\/uploads\/2022\/09\/Cafiero4.jpg\" alt=\"\" width=\"1600\" height=\"1067\" title=\"\" srcset=\"https:\/\/laurbedigital.com.ar\/noticias\/wp-content\/uploads\/2022\/09\/Cafiero4.jpg 1600w, https:\/\/laurbedigital.com.ar\/noticias\/wp-content\/uploads\/2022\/09\/Cafiero4-300x200.jpg 300w, https:\/\/laurbedigital.com.ar\/noticias\/wp-content\/uploads\/2022\/09\/Cafiero4-1024x683.jpg 1024w, https:\/\/laurbedigital.com.ar\/noticias\/wp-content\/uploads\/2022\/09\/Cafiero4-768x512.jpg 768w, https:\/\/laurbedigital.com.ar\/noticias\/wp-content\/uploads\/2022\/09\/Cafiero4-1536x1024.jpg 1536w\" sizes=\"auto, (max-width: 1600px) 100vw, 1600px\" \/><\/p>\n<p>All\u00ed las autoridades fueron recibidas por el gerente de la industria, Hugo Abad, junto con sus hermanos Daniel y Tom\u00e1s Abad, con quienes mantuvieron una reuni\u00f3n de trabajo en la que dialogaron sobre los or\u00edgenes de la empresa, su producci\u00f3n y exportaciones.<\/p>\n<p>Esta importante industria, que forma parte del Parque Industrial de Burzaco, se dedica principalmente a la fabricaci\u00f3n de componentes mec\u00e1nicos para gr\u00faas y puentes gr\u00faas.\u00a0En este sentido, actualmente cuenta con 55 empleados y exporta a m\u00e1s de 20 pa\u00edses desde la planta de Burzaco, operativa desde mediados de 2007, la cual tiene una superficie total de 9000 metros cuadrados.<\/p>\n<p><img loading=\"lazy\" decoding=\"async\" class=\"alignnone size-full wp-image-82370\" src=\"https:\/\/laurbedigital.com.ar\/noticias\/wp-content\/uploads\/2022\/09\/Cafiero3.jpg\" alt=\"\" width=\"1600\" height=\"1066\" title=\"\" srcset=\"https:\/\/laurbedigital.com.ar\/noticias\/wp-content\/uploads\/2022\/09\/Cafiero3.jpg 1600w, https:\/\/laurbedigital.com.ar\/noticias\/wp-content\/uploads\/2022\/09\/Cafiero3-300x200.jpg 300w, https:\/\/laurbedigital.com.ar\/noticias\/wp-content\/uploads\/2022\/09\/Cafiero3-1024x682.jpg 1024w, https:\/\/laurbedigital.com.ar\/noticias\/wp-content\/uploads\/2022\/09\/Cafiero3-768x512.jpg 768w, https:\/\/laurbedigital.com.ar\/noticias\/wp-content\/uploads\/2022\/09\/Cafiero3-1536x1023.jpg 1536w\" sizes=\"auto, (max-width: 1600px) 100vw, 1600px\" \/><\/p>\n<h6 style=\"font-weight: 400;\">\u201cEstamos muy contentos recibiendo a Santiago (Cafiero) y a Guillermo (Merediz) en esta industria tan importante para Almirante Brown que genera trabajo a nuestros vecinos y vecinas y que adem\u00e1s es un referente de productividad de la Regi\u00f3n\u201d, sostuvo Mariano Cascallares, quien remarc\u00f3 \u201cel constante y continuo trabajo articulado con todas las industrias que forman parte del Sector Industrial Planificado de Almirante Brown para potenciar su crecimiento\u00bb.<\/h6>\n<h6 style=\"font-weight: 400;\">Cafiero, en tanto, subray\u00f3 que \u201cel crecimiento de estas industrias es trascendental para que el pa\u00eds tambi\u00e9n lo haga, ya que las exportaciones son importantes para generar d\u00f3lares y as\u00ed\u00a0financiar y fortalecer nuestro crecimiento\u201d.<\/h6>\n<p style=\"font-weight: 400;\">De la jornada participaron tambi\u00e9n el secretario de Producci\u00f3n y Formaci\u00f3n Profesional de Almirante Brown, Federico Sassone; la presidenta de la Comisi\u00f3n del Parque Industrial del Concejo Deliberante, Cristina Vilotta; y el coordinador General de Comercio Exterior, Rodrigo Barandiar\u00e1n.<\/p>\n<p><img loading=\"lazy\" decoding=\"async\" class=\"alignnone size-full wp-image-82369\" src=\"https:\/\/laurbedigital.com.ar\/noticias\/wp-content\/uploads\/2022\/09\/Cafiero2.jpg\" alt=\"\" width=\"1600\" height=\"1067\" title=\"\" srcset=\"https:\/\/laurbedigital.com.ar\/noticias\/wp-content\/uploads\/2022\/09\/Cafiero2.jpg 1600w, https:\/\/laurbedigital.com.ar\/noticias\/wp-content\/uploads\/2022\/09\/Cafiero2-300x200.jpg 300w, https:\/\/laurbedigital.com.ar\/noticias\/wp-content\/uploads\/2022\/09\/Cafiero2-1024x683.jpg 1024w, https:\/\/laurbedigital.com.ar\/noticias\/wp-content\/uploads\/2022\/09\/Cafiero2-768x512.jpg 768w, https:\/\/laurbedigital.com.ar\/noticias\/wp-content\/uploads\/2022\/09\/Cafiero2-1536x1024.jpg 1536w\" sizes=\"auto, (max-width: 1600px) 100vw, 1600px\" \/><\/p>\n","protected":false},"excerpt":{"rendered":"<p>&nbsp; El canciller argentino, Santiago Cafiero, recorri\u00f3 junto con el subsecretario de Promoci\u00f3n del Comercio e Inversiones, Guillermo Merediz, con<\/p>\n","protected":false},"author":1,"featured_media":82368,"comment_status":"closed","ping_status":"closed","sticky":false,"template":"","format":"standard","meta":{"kia_subtitle":"","footnotes":"","jetpack_publicize_message":"Cafiero, Cascallares y Fabiani recorrieron una pyme\u00a0metal\u00fargica del Parque Industrial de Burzaco","jetpack_publicize_feature_enabled":true,"jetpack_social_post_already_shared":true,"jetpack_social_options":{"image_generator_settings":{"template":"highway","default_image_id":0,"font":"","enabled":false},"version":2}},"categories":[2,33,43],"tags":[],"class_list":["post-82367","post","type-post","status-publish","format-standard","has-post-thumbnail","hentry","category-alte-brown","category-alte-brown-alte-brown","category-burzaco"],"jetpack_publicize_connections":[],"jetpack_featured_media_url":"https:\/\/laurbedigital.com.ar\/noticias\/wp-content\/uploads\/2022\/09\/20220914-Brown-Cascallares-Cafiero.jpg","_links":{"self":[{"href":"https:\/\/laurbedigital.com.ar\/noticias\/wp-json\/wp\/v2\/posts\/82367","targetHints":{"allow":["GET"]}}],"collection":[{"href":"https:\/\/laurbedigital.com.ar\/noticias\/wp-json\/wp\/v2\/posts"}],"about":[{"href":"https:\/\/laurbedigital.com.ar\/noticias\/wp-json\/wp\/v2\/types\/post"}],"author":[{"embeddable":true,"href":"https:\/\/laurbedigital.com.ar\/noticias\/wp-json\/wp\/v2\/users\/1"}],"replies":[{"embeddable":true,"href":"https:\/\/laurbedigital.com.ar\/noticias\/wp-json\/wp\/v2\/comments?post=82367"}],"version-history":[{"count":2,"href":"https:\/\/laurbedigital.com.ar\/noticias\/wp-json\/wp\/v2\/posts\/82367\/revisions"}],"predecessor-version":[{"id":82373,"href":"https:\/\/laurbedigital.com.ar\/noticias\/wp-json\/wp\/v2\/posts\/82367\/revisions\/82373"}],"wp:featuredmedia":[{"embeddable":true,"href":"https:\/\/laurbedigital.com.ar\/noticias\/wp-json\/wp\/v2\/media\/82368"}],"wp:attachment":[{"href":"https:\/\/laurbedigital.com.ar\/noticias\/wp-json\/wp\/v2\/media?parent=82367"}],"wp:term":[{"taxonomy":"category","embeddable":true,"href":"https:\/\/laurbedigital.com.ar\/noticias\/wp-json\/wp\/v2\/categories?post=82367"},{"taxonomy":"post_tag","embeddable":true,"href":"https:\/\/laurbedigital.com.ar\/noticias\/wp-json\/wp\/v2\/tags?post=82367"}],"curies":[{"name":"wp","href":"https:\/\/api.w.org\/{rel}","templated":true}]}}