{"id":81987,"date":"2022-09-05T20:11:13","date_gmt":"2022-09-05T23:11:13","guid":{"rendered":"https:\/\/laurbedigital.com.ar\/noticias\/?p=81987"},"modified":"2022-09-05T20:11:13","modified_gmt":"2022-09-05T23:11:13","slug":"este-martes-llega-la-39-edicion-de-la-noche-de-la-pizza-y-la-empanada","status":"publish","type":"post","link":"https:\/\/laurbedigital.com.ar\/noticias\/2022\/09\/05\/este-martes-llega-la-39-edicion-de-la-noche-de-la-pizza-y-la-empanada\/","title":{"rendered":"Este martes llega la 39\u00b0 edici\u00f3n de La Noche de la Pizza y la Empanada"},"content":{"rendered":"<p>&nbsp;<\/p>\n<h6>La Asociaci\u00f3n de Pizzer\u00edas y Casas de Empanadas (Apyce )inform\u00f3 que entre las promociones disponibles habr\u00e1 porcentajes de descuento en la compra, 2&#215;1 y combos que aplicar\u00e1n en mostrador, delivery y\/o sal\u00f3n, seg\u00fan el local.<\/h6>\n<p>M\u00e1s de\u00a0<a href=\"https:\/\/lanochedelapizzaylaempanada.com.ar\/mapa\/\" target=\"_blank\" rel=\"noopener\">mil pizzer\u00edas y casas de empanadas de todo el pa\u00eds\u00a0<\/a>participar\u00e1n este martes de la 39\u00b0 edici\u00f3n de \u00abLa noche de la pizza y la empanada\u00bb, organizada por la Asociaci\u00f3n de Pizzer\u00edas y Casas de Empanadas (Apyce).<\/p>\n<p>La iniciativa de Apyce prev\u00e9 promociones y descuentos al p\u00fablico durante esa jornada, que ser\u00e1n definidos por cada comercio y estar\u00e1n disponibles en un mapa interactivo al que podr\u00e1n acceder los consumidores, informaron desde la entidad.<\/p>\n<p>Adem\u00e1s de la web oficial de la iniciativa (www.lanochedelapizzaylaempanada.com.ar), Apyce desarroll\u00f3 una aplicaci\u00f3n para que los interesados puedan acceder autom\u00e1ticamente desde sus celulares, seg\u00fan su ubicaci\u00f3n, a un mapa interactivo.<\/p>\n<p>Entre las promociones disponibles\u00a0<strong>habr\u00e1 porcentajes de descuento en la compra, 2&#215;1 y combos\u00a0<\/strong>que aplicar\u00e1n en mostrador, delivery y\/o sal\u00f3n, seg\u00fan el local.<\/p>\n<p>En la \u00faltima edici\u00f3n participaron alrededor de 1.000 comercios, muchos los cuales \u00abduplicaron y triplicaron las ventas e inclusive extendieron la promo toda la semana\u00bb, aseguraron desde la asociaci\u00f3n.<\/p>\n<p><img loading=\"lazy\" decoding=\"async\" class=\"alignnone size-full wp-image-81988\" src=\"https:\/\/laurbedigital.com.ar\/noticias\/wp-content\/uploads\/2022\/09\/20220905-Empanadas.jpg\" alt=\"\" width=\"800\" height=\"446\" title=\"\" srcset=\"https:\/\/laurbedigital.com.ar\/noticias\/wp-content\/uploads\/2022\/09\/20220905-Empanadas.jpg 800w, https:\/\/laurbedigital.com.ar\/noticias\/wp-content\/uploads\/2022\/09\/20220905-Empanadas-300x167.jpg 300w, https:\/\/laurbedigital.com.ar\/noticias\/wp-content\/uploads\/2022\/09\/20220905-Empanadas-768x428.jpg 768w\" sizes=\"auto, (max-width: 800px) 100vw, 800px\" \/><\/p>\n<p>&nbsp;<\/p>\n","protected":false},"excerpt":{"rendered":"<p>&nbsp; La Asociaci\u00f3n de Pizzer\u00edas y Casas de Empanadas (Apyce )inform\u00f3 que entre las promociones disponibles habr\u00e1 porcentajes de descuento<\/p>\n","protected":false},"author":1,"featured_media":81989,"comment_status":"closed","ping_status":"closed","sticky":false,"template":"","format":"standard","meta":{"kia_subtitle":"","footnotes":"","jetpack_publicize_message":"","jetpack_publicize_feature_enabled":true,"jetpack_social_post_already_shared":true,"jetpack_social_options":{"image_generator_settings":{"template":"highway","default_image_id":0,"font":"","enabled":false},"version":2}},"categories":[3,41],"tags":[],"class_list":["post-81987","post","type-post","status-publish","format-standard","has-post-thumbnail","hentry","category-actualidad","category-nacionales"],"jetpack_publicize_connections":[],"jetpack_featured_media_url":"https:\/\/laurbedigital.com.ar\/noticias\/wp-content\/uploads\/2022\/09\/20220905-Pizza.jpg","_links":{"self":[{"href":"https:\/\/laurbedigital.com.ar\/noticias\/wp-json\/wp\/v2\/posts\/81987","targetHints":{"allow":["GET"]}}],"collection":[{"href":"https:\/\/laurbedigital.com.ar\/noticias\/wp-json\/wp\/v2\/posts"}],"about":[{"href":"https:\/\/laurbedigital.com.ar\/noticias\/wp-json\/wp\/v2\/types\/post"}],"author":[{"embeddable":true,"href":"https:\/\/laurbedigital.com.ar\/noticias\/wp-json\/wp\/v2\/users\/1"}],"replies":[{"embeddable":true,"href":"https:\/\/laurbedigital.com.ar\/noticias\/wp-json\/wp\/v2\/comments?post=81987"}],"version-history":[{"count":3,"href":"https:\/\/laurbedigital.com.ar\/noticias\/wp-json\/wp\/v2\/posts\/81987\/revisions"}],"predecessor-version":[{"id":81992,"href":"https:\/\/laurbedigital.com.ar\/noticias\/wp-json\/wp\/v2\/posts\/81987\/revisions\/81992"}],"wp:featuredmedia":[{"embeddable":true,"href":"https:\/\/laurbedigital.com.ar\/noticias\/wp-json\/wp\/v2\/media\/81989"}],"wp:attachment":[{"href":"https:\/\/laurbedigital.com.ar\/noticias\/wp-json\/wp\/v2\/media?parent=81987"}],"wp:term":[{"taxonomy":"category","embeddable":true,"href":"https:\/\/laurbedigital.com.ar\/noticias\/wp-json\/wp\/v2\/categories?post=81987"},{"taxonomy":"post_tag","embeddable":true,"href":"https:\/\/laurbedigital.com.ar\/noticias\/wp-json\/wp\/v2\/tags?post=81987"}],"curies":[{"name":"wp","href":"https:\/\/api.w.org\/{rel}","templated":true}]}}