{"id":81938,"date":"2022-09-05T11:57:44","date_gmt":"2022-09-05T14:57:44","guid":{"rendered":"https:\/\/laurbedigital.com.ar\/noticias\/?p=81938"},"modified":"2022-09-04T21:05:00","modified_gmt":"2022-09-05T00:05:00","slug":"se-extiende-el-elenco-elijah-wood-se-suma-a-yellowjackets","status":"publish","type":"post","link":"https:\/\/laurbedigital.com.ar\/noticias\/2022\/09\/05\/se-extiende-el-elenco-elijah-wood-se-suma-a-yellowjackets\/","title":{"rendered":"Se extiende el elenco: Elijah Wood se suma a \u00abYellowjackets\u00bb"},"content":{"rendered":"<h4><\/h4>\n<h4>Se trata de una historia de supervivencia, terror psicol\u00f3gico y drama.<\/h4>\n<p><strong>Paramount+ Latinoam\u00e9rica\u00a0<\/strong>anunci\u00f3 que\u00a0<strong>Elijah Wood (Trilog\u00eda de El Se\u00f1or de los Anillos)\u00a0<\/strong>se unir\u00e1 a la muy segunda temporada de\u00a0<strong>\u00abYellowjackets\u00bb.\u00a0<\/strong>Wood interpretar\u00e1 a Walter, un dedicado ciudadano y detective que desafiar\u00e1 a Misty de maneras que ella no ver\u00e1 venir.<\/p>\n<p>Creada por\u00a0<strong>Ashley Lyle y Bart Nickerson (Narcos), la serie est\u00e1 protagonizada por Melanie Lynskey (Castle Rock),\u00a0Juliette Lewis (Camping),\u00a0Christina Ricci (Z: The Beginning of Everything) y Tawny Cypress (Unforgettable).<\/strong><\/p>\n<p>Recordemos que\u00a0<strong>Lauren Ambrose (Six Feet Under, Servant)\u00a0<\/strong>y\u00a0<strong>Simone Kessell (Obi-Wan Kenobi)<\/strong>\u00a0se unir\u00e1n en papeles regulares de la serie para la segunda temporada.\u00a0La serie comenzar\u00e1 su producci\u00f3n a finales de este mes en Vancouver.<\/p>\n<p>En particular, Wood interpret\u00f3 al hobbit\u00a0<strong>Frodo Bols\u00f3n<\/strong>\u00a0en la ic\u00f3nica trilog\u00eda de pel\u00edculas<strong>\u00a0\u00abLa Comunidad del Anillo\u00bb, \u00abLas Dos Torres\u00bb y\u00a0\u00abEl Retorno del Rey\u00bb,<\/strong>\u00a0basada en<strong>\u00a0\u00abEl Se\u00f1or de los Anillos\u00bb\u00a0<\/strong>de\u00a0<strong>J.R.R. Tolkien.<\/strong>\u00a0Pr\u00f3ximamente se le ver\u00e1 protagonizando las pr\u00f3ximas pel\u00edculas\u00a0\u00abL.A. Rush\u00bb\u00a0y\u00a0\u00abThe Toxic Avenger\u00bb, una comedia de terror de superh\u00e9roes.<\/p>\n<p>Recientemente se lo vio en<strong>\u00a0\u00abNo Man of God\u00bb,<\/strong>\u00a0que tambi\u00e9n produjo, y debut\u00f3 en el 2021 en el Festival de Cine de Tribeca.\u00a0Anteriormente, protagoniz\u00f3 la aclamada comedia de g\u00e9nero \u00abCome to Daddy\u00bb, junto con la serie de comedia \u00abWilfred\u00bb\u00a0y\u00a0\u00abDirk Gently\u2019s Holistic Detective Agency\u00bb.<\/p>\n<blockquote class=\"instagram-media\" style=\"background: #FFF; border: 0; border-radius: 3px; box-shadow: 0 0 1px 0 rgba(0,0,0,0.5),0 1px 10px 0 rgba(0,0,0,0.15); margin: 1px; max-width: 540px; min-width: 326px; padding: 0; width: calc(100% - 2px);\" data-instgrm-captioned=\"\" data-instgrm-permalink=\"https:\/\/www.instagram.com\/p\/Ch5qzV-J3mi\/?utm_source=ig_embed&amp;utm_campaign=loading\" data-instgrm-version=\"14\">\n<div style=\"padding: 16px;\">\n<p>&nbsp;<\/p>\n<div style=\"display: flex; flex-direction: row; align-items: center;\">\n<div style=\"background-color: #f4f4f4; border-radius: 50%; flex-grow: 0; height: 40px; margin-right: 14px; width: 40px;\"><\/div>\n<div style=\"display: flex; flex-direction: column; flex-grow: 1; justify-content: center;\">\n<div style=\"background-color: #f4f4f4; border-radius: 4px; flex-grow: 0; height: 14px; margin-bottom: 6px; width: 100px;\"><\/div>\n<div style=\"background-color: #f4f4f4; border-radius: 4px; flex-grow: 0; height: 14px; width: 60px;\"><\/div>\n<\/div>\n<\/div>\n<div style=\"padding: 19% 0;\"><\/div>\n<div style=\"display: block; height: 50px; margin: 0 auto 12px; width: 50px;\"><\/div>\n<div style=\"padding-top: 8px;\">\n<div style=\"color: #3897f0; font-family: Arial,sans-serif; font-size: 14px; font-style: normal; font-weight: 550; line-height: 18px;\">Ver esta publicaci\u00f3n en Instagram<\/div>\n<\/div>\n<div style=\"padding: 12.5% 0;\"><\/div>\n<div style=\"display: flex; flex-direction: row; margin-bottom: 14px; align-items: center;\">\n<div>\n<div style=\"background-color: #f4f4f4; border-radius: 50%; height: 12.5px; width: 12.5px; transform: translateX(0px) translateY(7px);\"><\/div>\n<div style=\"background-color: #f4f4f4; height: 12.5px; transform: rotate(-45deg) translateX(3px) translateY(1px); width: 12.5px; flex-grow: 0; margin-right: 14px; margin-left: 2px;\"><\/div>\n<div style=\"background-color: #f4f4f4; border-radius: 50%; height: 12.5px; width: 12.5px; transform: translateX(9px) translateY(-18px);\"><\/div>\n<\/div>\n<div style=\"margin-left: 8px;\">\n<div style=\"background-color: #f4f4f4; border-radius: 50%; flex-grow: 0; height: 20px; width: 20px;\"><\/div>\n<div style=\"width: 0; height: 0; border-top: 2px solid transparent; border-left: 6px solid #f4f4f4; border-bottom: 2px solid transparent; transform: translateX(16px) translateY(-4px) rotate(30deg);\"><\/div>\n<\/div>\n<div style=\"margin-left: auto;\">\n<div style=\"width: 0px; border-top: 8px solid #F4F4F4; border-right: 8px solid transparent; transform: translateY(16px);\"><\/div>\n<div style=\"background-color: #f4f4f4; flex-grow: 0; height: 12px; width: 16px; transform: translateY(-4px);\"><\/div>\n<div style=\"width: 0; height: 0; border-top: 8px solid #F4F4F4; border-left: 8px solid transparent; transform: translateY(-4px) translateX(8px);\"><\/div>\n<\/div>\n<\/div>\n<div style=\"display: flex; flex-direction: column; flex-grow: 1; justify-content: center; margin-bottom: 24px;\">\n<div style=\"background-color: #f4f4f4; border-radius: 4px; flex-grow: 0; height: 14px; margin-bottom: 6px; width: 224px;\"><\/div>\n<div style=\"background-color: #f4f4f4; border-radius: 4px; flex-grow: 0; height: 14px; width: 144px;\"><\/div>\n<\/div>\n<p>&nbsp;<\/p>\n<p style=\"color: #c9c8cd; font-family: Arial,sans-serif; font-size: 14px; line-height: 17px; margin-bottom: 0; margin-top: 8px; overflow: hidden; padding: 8px 0 7px; text-align: center; text-overflow: ellipsis; white-space: nowrap;\"><a style=\"color: #c9c8cd; font-family: Arial,sans-serif; font-size: 14px; font-style: normal; font-weight: normal; line-height: 17px; text-decoration: none;\" href=\"https:\/\/www.instagram.com\/p\/Ch5qzV-J3mi\/?utm_source=ig_embed&amp;utm_campaign=loading\" target=\"_blank\" rel=\"noopener\">Una publicaci\u00f3n compartida por Yellowjackets on Showtime (@shoyellowjackets)<\/a><\/p>\n<\/div>\n<\/blockquote>\n<p><script async src=\"\/\/www.instagram.com\/embed.js\"><\/script><\/p>\n","protected":false},"excerpt":{"rendered":"<p>Se trata de una historia de supervivencia, terror psicol\u00f3gico y drama. Paramount+ Latinoam\u00e9rica\u00a0anunci\u00f3 que\u00a0Elijah Wood (Trilog\u00eda de El Se\u00f1or de<\/p>\n","protected":false},"author":1,"featured_media":81939,"comment_status":"closed","ping_status":"closed","sticky":false,"template":"","format":"standard","meta":{"kia_subtitle":"","footnotes":"","jetpack_publicize_message":"Se extiende el elenco: Elijah Wood se suma a \u00abYellowjackets\u00bb","jetpack_publicize_feature_enabled":true,"jetpack_social_post_already_shared":true,"jetpack_social_options":{"image_generator_settings":{"template":"highway","default_image_id":0,"font":"","enabled":false},"version":2}},"categories":[68],"tags":[],"class_list":["post-81938","post","type-post","status-publish","format-standard","has-post-thumbnail","hentry","category-cine-y-series"],"jetpack_publicize_connections":[],"jetpack_featured_media_url":"https:\/\/laurbedigital.com.ar\/noticias\/wp-content\/uploads\/2022\/09\/20220904-Elijah-Wood.jpg","_links":{"self":[{"href":"https:\/\/laurbedigital.com.ar\/noticias\/wp-json\/wp\/v2\/posts\/81938","targetHints":{"allow":["GET"]}}],"collection":[{"href":"https:\/\/laurbedigital.com.ar\/noticias\/wp-json\/wp\/v2\/posts"}],"about":[{"href":"https:\/\/laurbedigital.com.ar\/noticias\/wp-json\/wp\/v2\/types\/post"}],"author":[{"embeddable":true,"href":"https:\/\/laurbedigital.com.ar\/noticias\/wp-json\/wp\/v2\/users\/1"}],"replies":[{"embeddable":true,"href":"https:\/\/laurbedigital.com.ar\/noticias\/wp-json\/wp\/v2\/comments?post=81938"}],"version-history":[{"count":1,"href":"https:\/\/laurbedigital.com.ar\/noticias\/wp-json\/wp\/v2\/posts\/81938\/revisions"}],"predecessor-version":[{"id":81940,"href":"https:\/\/laurbedigital.com.ar\/noticias\/wp-json\/wp\/v2\/posts\/81938\/revisions\/81940"}],"wp:featuredmedia":[{"embeddable":true,"href":"https:\/\/laurbedigital.com.ar\/noticias\/wp-json\/wp\/v2\/media\/81939"}],"wp:attachment":[{"href":"https:\/\/laurbedigital.com.ar\/noticias\/wp-json\/wp\/v2\/media?parent=81938"}],"wp:term":[{"taxonomy":"category","embeddable":true,"href":"https:\/\/laurbedigital.com.ar\/noticias\/wp-json\/wp\/v2\/categories?post=81938"},{"taxonomy":"post_tag","embeddable":true,"href":"https:\/\/laurbedigital.com.ar\/noticias\/wp-json\/wp\/v2\/tags?post=81938"}],"curies":[{"name":"wp","href":"https:\/\/api.w.org\/{rel}","templated":true}]}}