{"id":81826,"date":"2022-09-02T00:17:37","date_gmt":"2022-09-02T03:17:37","guid":{"rendered":"https:\/\/laurbedigital.com.ar\/noticias\/?p=81826"},"modified":"2022-09-02T00:17:37","modified_gmt":"2022-09-02T03:17:37","slug":"este-hecho-es-de-una-enorme-gravedad-el-mas-grave-desde-el-retorno-de-la-democracia","status":"publish","type":"post","link":"https:\/\/laurbedigital.com.ar\/noticias\/2022\/09\/02\/este-hecho-es-de-una-enorme-gravedad-el-mas-grave-desde-el-retorno-de-la-democracia\/","title":{"rendered":"\u201cEste hecho es de una enorme gravedad, el m\u00e1s grave desde el retorno de la Democracia\u201d"},"content":{"rendered":"<p>&nbsp;<\/p>\n<h6><strong>El presidente Alberto Fern\u00e1ndez dijo en un mensaje en cadena nacional que el atentado \u00abmerece el m\u00e1s en\u00e9rgico repudio de la sociedad argentina porque afecta la Democracia\u201d.<\/strong><\/h6>\n<p>El presidente Alberto Fern\u00e1ndez dijo en un mensaje en cadena nacional que el atentado contra Cristina Fern\u00e1ndez de Kirchner fue el hecho \u00abm\u00e1s grave que ha sucedido desde que hemos recuperado democracia\u00bb.<\/p>\n<p>\u00abMerece el m\u00e1s en\u00e9rgico repudio de todos los argentinos y de todos los sectores pol\u00edticos porque estos hechos afectan la democracia\u00bb, dijo el Presidente.<\/p>\n<h4><strong>Las frases del Presidente:<\/strong><\/h4>\n<p>&#8211; \u201cEste hecho es de una enorme gravedad, el m\u00e1s grave desde el retorno de la Democracia\u201d<\/p>\n<p>&#8211; \u201cEste atentado merece el m\u00e1s en\u00e9rgico repudio de la sociedad argentina porque afecta la Democracia\u201d<\/p>\n<p>&#8211; \u201cEn una sociedad democr\u00e1tica los discursos de odio no pueden tener lugar\u201d<\/p>\n<p>&#8211; \u201cConvoco a todos los argentinos, a pol\u00edticos y a los medios a rechazar cualquier forma de violencia\u201d<\/p>\n<p>&#8211; \u201cMe he comunicado con la jueza para se esclarezca lo antes posible lo ocurrido\u201d<\/p>\n<p>&nbsp;<\/p>\n<p>&nbsp;<\/p>\n","protected":false},"excerpt":{"rendered":"<p>&nbsp; El presidente Alberto Fern\u00e1ndez dijo en un mensaje en cadena nacional que el atentado \u00abmerece el m\u00e1s en\u00e9rgico repudio<\/p>\n","protected":false},"author":1,"featured_media":81827,"comment_status":"closed","ping_status":"closed","sticky":false,"template":"","format":"standard","meta":{"kia_subtitle":"","footnotes":"","jetpack_publicize_message":"","jetpack_publicize_feature_enabled":true,"jetpack_social_post_already_shared":true,"jetpack_social_options":{"image_generator_settings":{"template":"highway","default_image_id":0,"font":"","enabled":false},"version":2}},"categories":[3,41],"tags":[],"class_list":["post-81826","post","type-post","status-publish","format-standard","has-post-thumbnail","hentry","category-actualidad","category-nacionales"],"jetpack_publicize_connections":[],"jetpack_featured_media_url":"https:\/\/laurbedigital.com.ar\/noticias\/wp-content\/uploads\/2022\/09\/20220902-alberto.jpg","_links":{"self":[{"href":"https:\/\/laurbedigital.com.ar\/noticias\/wp-json\/wp\/v2\/posts\/81826","targetHints":{"allow":["GET"]}}],"collection":[{"href":"https:\/\/laurbedigital.com.ar\/noticias\/wp-json\/wp\/v2\/posts"}],"about":[{"href":"https:\/\/laurbedigital.com.ar\/noticias\/wp-json\/wp\/v2\/types\/post"}],"author":[{"embeddable":true,"href":"https:\/\/laurbedigital.com.ar\/noticias\/wp-json\/wp\/v2\/users\/1"}],"replies":[{"embeddable":true,"href":"https:\/\/laurbedigital.com.ar\/noticias\/wp-json\/wp\/v2\/comments?post=81826"}],"version-history":[{"count":2,"href":"https:\/\/laurbedigital.com.ar\/noticias\/wp-json\/wp\/v2\/posts\/81826\/revisions"}],"predecessor-version":[{"id":81837,"href":"https:\/\/laurbedigital.com.ar\/noticias\/wp-json\/wp\/v2\/posts\/81826\/revisions\/81837"}],"wp:featuredmedia":[{"embeddable":true,"href":"https:\/\/laurbedigital.com.ar\/noticias\/wp-json\/wp\/v2\/media\/81827"}],"wp:attachment":[{"href":"https:\/\/laurbedigital.com.ar\/noticias\/wp-json\/wp\/v2\/media?parent=81826"}],"wp:term":[{"taxonomy":"category","embeddable":true,"href":"https:\/\/laurbedigital.com.ar\/noticias\/wp-json\/wp\/v2\/categories?post=81826"},{"taxonomy":"post_tag","embeddable":true,"href":"https:\/\/laurbedigital.com.ar\/noticias\/wp-json\/wp\/v2\/tags?post=81826"}],"curies":[{"name":"wp","href":"https:\/\/api.w.org\/{rel}","templated":true}]}}