{"id":81798,"date":"2022-09-01T20:06:09","date_gmt":"2022-09-01T23:06:09","guid":{"rendered":"https:\/\/laurbedigital.com.ar\/noticias\/?p=81798"},"modified":"2022-09-01T20:06:09","modified_gmt":"2022-09-01T23:06:09","slug":"el-empleo-registrado-en-mipymes-crecio-4-en-el-segundo-trimestre","status":"publish","type":"post","link":"https:\/\/laurbedigital.com.ar\/noticias\/2022\/09\/01\/el-empleo-registrado-en-mipymes-crecio-4-en-el-segundo-trimestre\/","title":{"rendered":"El empleo registrado en Mipymes creci\u00f3 4% en el segundo trimestre"},"content":{"rendered":"<p>&nbsp;<\/p>\n<h6>El crecimiento m\u00e1s destacado se dio en el tramo de las firmas medianas, que experimentaron una suba de 6%.<\/h6>\n<p>El empleo registrado en las micro, peque\u00f1as y medianas empresas (Mipymes) marc\u00f3 en el segundo trimestre del a\u00f1o una suba de 4% respecto a igual per\u00edodo de 2021, al\u00a0sumar m\u00e1s de 148.000 nuevos puestos de trabajo, de acuerdo con datos preliminares de la Secretar\u00eda de Industria y Desarrollo Productivo del Ministerio de Econom\u00eda de la Naci\u00f3n.<\/p>\n<p>El secretario del \u00e1rea, Jos\u00e9 Ignacio de Mendiguren, se\u00f1al\u00f3 que este crecimiento es algo \u00abmuy importante ya que las Mipymes de nuestro pa\u00eds generan el 62% del empleo asalariado registrado y son clave para nuestra econom\u00eda\u00bb.<\/p>\n<p>\u00abEl objetivo principal es sostener estos niveles de actividad a medida que se ordenan las variables macroecon\u00f3micas y fiscales. Ma\u00f1ana es el D\u00eda de la Industria y los n\u00fameros nos ratifican que estamos en el camino correcto y tenemos que mantenerlo\u201d, agreg\u00f3 el funcionario en un comunicado.<\/p>\n<p>El crecimiento m\u00e1s destacado del empleo en el segundo trimestre se dio en el tramo de las firmas medianas, que experimentaron una\u00a0suba de 6% (m\u00e1s de 82.500 puestos de trabajo)\u00a0en comparaci\u00f3n con el mismo per\u00edodo de 2021.<\/p>\n<p>En tanto, las micro y peque\u00f1as empresas registraron una mejora de m\u00e1s de 65.600 empleos entre ambos per\u00edodos.<\/p>\n<p>El sector Mipyme que m\u00e1s aument\u00f3 en t\u00e9rminos absolutos su nivel de empleo entre abril y junio fue el de comercio, que cre\u00f3 m\u00e1s de 39.400 puestos de trabajo en comparaci\u00f3n con igual per\u00edodo de 2021.<\/p>\n<p>Otros rubros que se destacaron fueron el de hoteles y restaurantes con m\u00e1s de 31.900 nuevos ocupados, y el de la construcci\u00f3n con un incremento de m\u00e1s de 19.500 puestos.<\/p>\n<p>Los datos de empleo Mipyme acompa\u00f1an los buenos indicadores en materia de actividad econ\u00f3mica, que en junio mostr\u00f3 un crecimiento interanual de 6,4%. Por su parte,\u00a0la producci\u00f3n industrial manufacturera aument\u00f3 un 6,9% interanual en el sexto mes del a\u00f1o.<\/p>\n<p>En julio continu\u00f3 la din\u00e1mica positiva en la actividad industrial, con un avance del 3,5% interanual seg\u00fan estimaciones del \u00edndice adelantado que elabora el Centro de Estudios para la Producci\u00f3n (CEP XXI).<\/p>\n<p>&nbsp;<\/p>\n","protected":false},"excerpt":{"rendered":"<p>&nbsp; El crecimiento m\u00e1s destacado se dio en el tramo de las firmas medianas, que experimentaron una suba de 6%.<\/p>\n","protected":false},"author":1,"featured_media":81471,"comment_status":"closed","ping_status":"closed","sticky":false,"template":"","format":"standard","meta":{"kia_subtitle":"","footnotes":"","jetpack_publicize_message":"","jetpack_publicize_feature_enabled":true,"jetpack_social_post_already_shared":true,"jetpack_social_options":{"image_generator_settings":{"template":"highway","default_image_id":0,"font":"","enabled":false},"version":2}},"categories":[3,41],"tags":[],"class_list":["post-81798","post","type-post","status-publish","format-standard","has-post-thumbnail","hentry","category-actualidad","category-nacionales"],"jetpack_publicize_connections":[],"jetpack_featured_media_url":"https:\/\/laurbedigital.com.ar\/noticias\/wp-content\/uploads\/2022\/08\/20220826-Empleo.jpg","_links":{"self":[{"href":"https:\/\/laurbedigital.com.ar\/noticias\/wp-json\/wp\/v2\/posts\/81798","targetHints":{"allow":["GET"]}}],"collection":[{"href":"https:\/\/laurbedigital.com.ar\/noticias\/wp-json\/wp\/v2\/posts"}],"about":[{"href":"https:\/\/laurbedigital.com.ar\/noticias\/wp-json\/wp\/v2\/types\/post"}],"author":[{"embeddable":true,"href":"https:\/\/laurbedigital.com.ar\/noticias\/wp-json\/wp\/v2\/users\/1"}],"replies":[{"embeddable":true,"href":"https:\/\/laurbedigital.com.ar\/noticias\/wp-json\/wp\/v2\/comments?post=81798"}],"version-history":[{"count":3,"href":"https:\/\/laurbedigital.com.ar\/noticias\/wp-json\/wp\/v2\/posts\/81798\/revisions"}],"predecessor-version":[{"id":81801,"href":"https:\/\/laurbedigital.com.ar\/noticias\/wp-json\/wp\/v2\/posts\/81798\/revisions\/81801"}],"wp:featuredmedia":[{"embeddable":true,"href":"https:\/\/laurbedigital.com.ar\/noticias\/wp-json\/wp\/v2\/media\/81471"}],"wp:attachment":[{"href":"https:\/\/laurbedigital.com.ar\/noticias\/wp-json\/wp\/v2\/media?parent=81798"}],"wp:term":[{"taxonomy":"category","embeddable":true,"href":"https:\/\/laurbedigital.com.ar\/noticias\/wp-json\/wp\/v2\/categories?post=81798"},{"taxonomy":"post_tag","embeddable":true,"href":"https:\/\/laurbedigital.com.ar\/noticias\/wp-json\/wp\/v2\/tags?post=81798"}],"curies":[{"name":"wp","href":"https:\/\/api.w.org\/{rel}","templated":true}]}}