{"id":81604,"date":"2022-08-29T09:22:29","date_gmt":"2022-08-29T12:22:29","guid":{"rendered":"https:\/\/laurbedigital.com.ar\/noticias\/?p=81604"},"modified":"2022-08-28T22:27:29","modified_gmt":"2022-08-29T01:27:29","slug":"precios-cuidados-que-pasa-con-el-consumo-en-supermercados","status":"publish","type":"post","link":"https:\/\/laurbedigital.com.ar\/noticias\/2022\/08\/29\/precios-cuidados-que-pasa-con-el-consumo-en-supermercados\/","title":{"rendered":"Precios Cuidados: \u00bfQu\u00e9 pasa con el consumo en supermercados?"},"content":{"rendered":"<p>&nbsp;<\/p>\n<h6 class=\"font-400\"><strong>El Instituto Nacional de Estad\u00edstica y Censos (Indec) public\u00f3 esta semana los resultados correspondientes a junio.<\/strong><\/h6>\n<p>El consumo masivo se mantiene con n\u00fameros positivos en las cadenas de supermercados y registra ca\u00eddas en autoservicios independientes, al tiempo que se observa una alta participaci\u00f3n en las ventas de los productos incluidos en Precios Cuidados.<\/p>\n<p>El \u00faltimo informe de la consultora Scentia registr\u00f3 un crecimiento de 2% interanual en julio en las ventas de cadenas de supermercados y autoservicios independientes, y una suba en el acumulado enero-julio de 4%.<\/p>\n<p>El resultado se compone por un incremento de 7,9% en cadenas de supermercados en julio respecto de igual mes del a\u00f1o pasado, mientras que los autoservicios independientes tuvieron una baja de 3,2% en la misma comparaci\u00f3n.<\/p>\n<p>Osvaldo Del R\u00edo, director de Scentia, dijo a T\u00e9lam que \u00abel dato llamativo es que el supermercado que creci\u00f3 7,9% se comparaba con base muy alta de 5,4% el a\u00f1o anterior\u00bb, y consider\u00f3 que esta suba se debe a que \u00abla gente se stocke\u00f3 de productos de primera necesidad no perecederos\u00bb.<\/p>\n<p>\u00abLo qu\u00e9 pas\u00f3 en el \u00faltimo mes habla de una situaci\u00f3n at\u00edpica de stockeo; compraron aceite, harina, az\u00facar, conservas para cuidar sus ingresos, porque de otra manera saben que el mes que viene lo iban a pagar m\u00e1s caro\u00bb, agreg\u00f3.<\/p>\n<p>En cuanto a la incidencia de Precios Cuidados en las ventas, dijo que este programa oficial \u00absigue teniendo un peso de 12 puntos en el total de la compra, que es alto, es muy utilizado por la gente\u00bb al tiempo que \u00abayuda a tener leve referencia\u00bb del precio de los productos.<\/p>\n<p>\u00abLas ofertas en supermercados tambi\u00e9n son muy utilizadas porque ayudan a economizar\u00bb, afirm\u00f3.<\/p>\n<p>Para los pr\u00f3ximos meses, dijo que \u00abse espera una ca\u00edda\u00bb en el consumo aunque habr\u00e1 \u00abun resultado levemente positivo\u00bb en el cierre del a\u00f1o, dado que \u00abal mes de julio el acumulado todav\u00eda es positivo en 4%, por lo que deber\u00eda ser muy negativo para que cierre negativo el a\u00f1o\u00bb.<\/p>\n<p>Por otra parte, el Instituto Nacional de Estad\u00edstica y Censos (Indec) public\u00f3 esta semana los resultados correspondientes a junio de la encuesta de supermercados y autoservicios mayoristas, que arroj\u00f3 un crecimiento de 2% interanual en las ventas a precios constantes de supermercados y una baja de 1,1% en mayoristas.<\/p>\n<p>En cuanto a los medios de pago utilizados en supermercados, el 38% de las ventas se pagaron con tarjeta de cr\u00e9dito, 29,3% en efectivo, 28,7% con tarjeta de d\u00e9bito y 4% mediante otros medios de pago.<\/p>\n<p>Mart\u00edn Estevez, customer Success Leader South Zone en NielsenIQ, se\u00f1al\u00f3 a T\u00e9lam que \u00aba nivel general el consumo mostr\u00f3 un crecimiento de 4,6%, aunque la expectativa hacia el cierre de a\u00f1o es una desaceleraci\u00f3n e incluso ca\u00eddas en los meses que se vienen\u00bb.<\/p>\n<p>\u00abA pesar de esta recuperaci\u00f3n, la base del consumo per c\u00e1pita contin\u00faa muy baja, en niveles similares a los del 2006, y lejos de los niveles m\u00e1s altos que se observaron entre 2011 y 2013\u00bb, compar\u00f3.<\/p>\n<p>En cuanto a los autoservicios independientes, el \u00faltimo relevamiento de Scanntech mostr\u00f3 una ca\u00edda de 6,7% en las ventas de julio respecto del mes anterior, y una contracci\u00f3n de 2,2% en el acumulado de los primeros siete meses del a\u00f1o.<\/p>\n<p>El acumulado 2022 muestra al \u00e1rea Metropolitana persistiendo con ca\u00edda en consumo a tasa de doble d\u00edgito, en tanto el Interior se mantiene estable, si bien en los \u00faltimos meses muestra retracci\u00f3n.<\/p>\n<p>Todas las familias de productos pierden en el acumulado enero-julio, a excepci\u00f3n de Bebidas (+0,8%): Alimentos (-5,6%) al igual que Cuidado Personal (-7,1%) son las de mayor retroceso en consumo, mientras Limpieza (-0,1%) presenta variaciones negativas de menor magnitud.<\/p>\n<p>Al analizar estos datos sobre las ventas en autoservicios de cercan\u00eda, el director de la consultora Focus Market, Dami\u00e1n Di Pace, dijo que \u00aben el mes de julio se ha acelerado la ca\u00edda en consumo masivo con aceleraci\u00f3n de precios en categor\u00edas b\u00e1sicas de la canasta de alimentos hogare\u00f1a superando en varios productos los niveles de entre 15% y 20% mensual\u00bb.<\/p>\n<p>\u00abCuidado personal se encontr\u00f3 dentro de los productos con m\u00e1s bajo volumen resignado por las familias argentinas para darle prioridad a alimentos y bebidas\u00bb, concluy\u00f3.<\/p>\n","protected":false},"excerpt":{"rendered":"<p>&nbsp; El Instituto Nacional de Estad\u00edstica y Censos (Indec) public\u00f3 esta semana los resultados correspondientes a junio. El consumo masivo<\/p>\n","protected":false},"author":1,"featured_media":43827,"comment_status":"closed","ping_status":"closed","sticky":false,"template":"","format":"standard","meta":{"kia_subtitle":"","footnotes":"","jetpack_publicize_message":"Precios Cuidados: \u00bfQu\u00e9 pasa con el consumo en supermercados?","jetpack_publicize_feature_enabled":true,"jetpack_social_post_already_shared":true,"jetpack_social_options":{"image_generator_settings":{"template":"highway","default_image_id":0,"font":"","enabled":false},"version":2}},"categories":[3,41],"tags":[],"class_list":["post-81604","post","type-post","status-publish","format-standard","has-post-thumbnail","hentry","category-actualidad","category-nacionales"],"jetpack_publicize_connections":[],"jetpack_featured_media_url":"https:\/\/laurbedigital.com.ar\/noticias\/wp-content\/uploads\/2021\/01\/20210102-precios-cuidados.jpg","_links":{"self":[{"href":"https:\/\/laurbedigital.com.ar\/noticias\/wp-json\/wp\/v2\/posts\/81604","targetHints":{"allow":["GET"]}}],"collection":[{"href":"https:\/\/laurbedigital.com.ar\/noticias\/wp-json\/wp\/v2\/posts"}],"about":[{"href":"https:\/\/laurbedigital.com.ar\/noticias\/wp-json\/wp\/v2\/types\/post"}],"author":[{"embeddable":true,"href":"https:\/\/laurbedigital.com.ar\/noticias\/wp-json\/wp\/v2\/users\/1"}],"replies":[{"embeddable":true,"href":"https:\/\/laurbedigital.com.ar\/noticias\/wp-json\/wp\/v2\/comments?post=81604"}],"version-history":[{"count":2,"href":"https:\/\/laurbedigital.com.ar\/noticias\/wp-json\/wp\/v2\/posts\/81604\/revisions"}],"predecessor-version":[{"id":81606,"href":"https:\/\/laurbedigital.com.ar\/noticias\/wp-json\/wp\/v2\/posts\/81604\/revisions\/81606"}],"wp:featuredmedia":[{"embeddable":true,"href":"https:\/\/laurbedigital.com.ar\/noticias\/wp-json\/wp\/v2\/media\/43827"}],"wp:attachment":[{"href":"https:\/\/laurbedigital.com.ar\/noticias\/wp-json\/wp\/v2\/media?parent=81604"}],"wp:term":[{"taxonomy":"category","embeddable":true,"href":"https:\/\/laurbedigital.com.ar\/noticias\/wp-json\/wp\/v2\/categories?post=81604"},{"taxonomy":"post_tag","embeddable":true,"href":"https:\/\/laurbedigital.com.ar\/noticias\/wp-json\/wp\/v2\/tags?post=81604"}],"curies":[{"name":"wp","href":"https:\/\/api.w.org\/{rel}","templated":true}]}}