{"id":8153,"date":"2017-08-19T21:49:48","date_gmt":"2017-08-20T00:49:48","guid":{"rendered":"http:\/\/laurbedigital.com.ar\/noticias\/?p=8153"},"modified":"2017-08-19T21:49:48","modified_gmt":"2017-08-20T00:49:48","slug":"nuevos-cestos-comunitarios-en-fiorito","status":"publish","type":"post","link":"https:\/\/laurbedigital.com.ar\/noticias\/2017\/08\/19\/nuevos-cestos-comunitarios-en-fiorito\/","title":{"rendered":"Nuevos cestos comunitarios en Fiorito"},"content":{"rendered":"<p>Con la instalaci\u00f3n de cestos comunitarios y con charlas informativas sobre los m\u00e9todos de reducci\u00f3n, reutilizaci\u00f3n y reciclado de residuos s\u00f3lidos urbanos, la cartera ambiental volvi\u00f3 de instalar el tema del compromiso con una ciudad limpia.<u><\/u><u><\/u><\/p>\n<p>\u201cVemos que hay una gran voluntad por cambiar las cosas. Nos pasa en cada barrio que visitamos. Los cestos comunitarios nos permiten mejorar los cronogramas y recorridos de recolecci\u00f3n, pero tambi\u00e9n generan conciencia en los vecinos y vecinas, que se comprometieron a denunciar el arrojo clandestino de residuos y a trabajar con nosotros en la higiene del barrio\u201d, destac\u00f3 la secretaria de Medio Ambiente, Zulma Abolafia.<u><\/u><u><\/u><\/p>\n<p>En el Barrio 8 de Diciembre, de Fiorito, se realiz\u00f3 una reuni\u00f3n informativa acerca de los programas implementados por el municipio, principalmente en lo referente a evitar el arrojo de residuos en la v\u00eda p\u00fablica y propiciar su reutilizaci\u00f3n, reducci\u00f3n y\/o reciclado de los mismos. Adem\u00e1s se coloc\u00f3 un cesto comunitario para facilitarla disposici\u00f3n final responsable de los residuos de parte de los vecinos.<u><\/u><u><\/u><\/p>\n<p>Surgieron en la charla, diferentes inquietudes ambientalistas, como ser: realizar acciones conjuntas de forestaci\u00f3n, taller de reciclado 3R, huerta org\u00e1nica y talleres de realizaci\u00f3n de compost. Tambi\u00e9n se inform\u00f3 sobre pr\u00e1cticas sustentables con el fin de reducir los residuos en el medio ambiente.<u><\/u><u><\/u><\/p>\n<p>Adem\u00e1s, se realzaron actividades de informaci\u00f3n y concientizaci\u00f3n sobre los programas \u201cAlerta Lomas\u201d y \u201cEco Lomas\u201d.Ambas iniciativas municipales tuvieron una gran aceptaci\u00f3n en los vecinos. En el caso de Alerta Lomas, se explic\u00f3 la forma de bajar la aplicaci\u00f3n para su uso en dispositivos m\u00f3viles y en el caso de EcoLomas, se trabaj\u00f3 en la difusi\u00f3n de la propuesta y en las formas de participaci\u00f3n que tienen los vecinos para generar conciencia colectiva \u00a0sobre h\u00e1bitos sustentables y cuidado del medio ambiente.<u><\/u><u><\/u><\/p>\n<p>En esta oportunidad llegamos a los \u00a0vecinos y comerciantes del centro comercial de Fiorito.<u><\/u><u><\/u><\/p>\n<p>Finalizando <u><\/u>la Jornada<u><\/u>\u00a0del d\u00eda s\u00e1bado, acompa\u00f1amos a los chicos del Merendero &#8216;El Mes\u00f3n&#8217; de Villa Independencia a trav\u00e9s de una actividad del d\u00eda del Ni\u00f1o, junto a Facundo Olivera, quien asumi\u00f3 ese compromiso con los m\u00e1s chicos del barrio y es agente de la secretar\u00eda de medio ambiente. En el mismo acto se celebr\u00f3 la \u00a0inauguraci\u00f3n del nuevo asfalto de la calle Euskadi al 1100.<\/p>\n","protected":false},"excerpt":{"rendered":"<p>Con la instalaci\u00f3n de cestos comunitarios y con charlas informativas sobre los m\u00e9todos de reducci\u00f3n, reutilizaci\u00f3n y reciclado de residuos<\/p>\n","protected":false},"author":1,"featured_media":8154,"comment_status":"closed","ping_status":"closed","sticky":false,"template":"","format":"standard","meta":{"kia_subtitle":"","footnotes":"","jetpack_publicize_message":"","jetpack_publicize_feature_enabled":true,"jetpack_social_post_already_shared":true,"jetpack_social_options":{"image_generator_settings":{"template":"highway","default_image_id":0,"font":"","enabled":false},"version":2}},"categories":[13,36],"tags":[],"class_list":["post-8153","post","type-post","status-publish","format-standard","has-post-thumbnail","hentry","category-region","category-lomas"],"jetpack_publicize_connections":[],"jetpack_featured_media_url":"https:\/\/laurbedigital.com.ar\/noticias\/wp-content\/uploads\/2017\/08\/20170818-region.jpg","_links":{"self":[{"href":"https:\/\/laurbedigital.com.ar\/noticias\/wp-json\/wp\/v2\/posts\/8153","targetHints":{"allow":["GET"]}}],"collection":[{"href":"https:\/\/laurbedigital.com.ar\/noticias\/wp-json\/wp\/v2\/posts"}],"about":[{"href":"https:\/\/laurbedigital.com.ar\/noticias\/wp-json\/wp\/v2\/types\/post"}],"author":[{"embeddable":true,"href":"https:\/\/laurbedigital.com.ar\/noticias\/wp-json\/wp\/v2\/users\/1"}],"replies":[{"embeddable":true,"href":"https:\/\/laurbedigital.com.ar\/noticias\/wp-json\/wp\/v2\/comments?post=8153"}],"version-history":[{"count":1,"href":"https:\/\/laurbedigital.com.ar\/noticias\/wp-json\/wp\/v2\/posts\/8153\/revisions"}],"predecessor-version":[{"id":8155,"href":"https:\/\/laurbedigital.com.ar\/noticias\/wp-json\/wp\/v2\/posts\/8153\/revisions\/8155"}],"wp:featuredmedia":[{"embeddable":true,"href":"https:\/\/laurbedigital.com.ar\/noticias\/wp-json\/wp\/v2\/media\/8154"}],"wp:attachment":[{"href":"https:\/\/laurbedigital.com.ar\/noticias\/wp-json\/wp\/v2\/media?parent=8153"}],"wp:term":[{"taxonomy":"category","embeddable":true,"href":"https:\/\/laurbedigital.com.ar\/noticias\/wp-json\/wp\/v2\/categories?post=8153"},{"taxonomy":"post_tag","embeddable":true,"href":"https:\/\/laurbedigital.com.ar\/noticias\/wp-json\/wp\/v2\/tags?post=8153"}],"curies":[{"name":"wp","href":"https:\/\/api.w.org\/{rel}","templated":true}]}}