{"id":81483,"date":"2022-08-26T00:41:15","date_gmt":"2022-08-26T03:41:15","guid":{"rendered":"https:\/\/laurbedigital.com.ar\/noticias\/?p=81483"},"modified":"2022-08-26T00:41:34","modified_gmt":"2022-08-26T03:41:34","slug":"a-50-anos-de-la-masacre-de-trelew","status":"publish","type":"post","link":"https:\/\/laurbedigital.com.ar\/noticias\/2022\/08\/26\/a-50-anos-de-la-masacre-de-trelew\/","title":{"rendered":"A 50 a\u00f1os de la masacre de Trelew"},"content":{"rendered":"<p><span style=\"font-weight: 400;\">Un nuevo 22 de agosto se alza en la memoria que no permite olvidar. Pero esta vez incluso es diferente, m\u00e1s visible, m\u00e1s doloroso y con mucha m\u00e1s memoria. Porque en los 50 a\u00f1os de una de las masacres m\u00e1s dif\u00edciles de recordar de la historia argentina, las venas abiertas de Am\u00e9rica Latina van encontrando respuestas de algunos interrogantes y van apareciendo nuevos sinsentidos que interpelan.\u00a0<\/span><\/p>\n<p><span style=\"font-weight: 400;\">Este a\u00f1o los familiares de las v\u00edctimas pudieron entrar al penal de Rawson y a la Base Naval, a reconstruir una historia que en las paredes (aunque parezca vieja, porque intenten pintarlas y arreglarlas) est\u00e1 siempre impresa como una reedici\u00f3n de un libro mil veces contado. Y las l\u00e1grimas siguen brotando de los ojos, y el dolor es inevitable ante tanto sufrimiento, ante tanto desgarro.<\/span><\/p>\n<p><span style=\"font-weight: 400;\">Quisieron robarnos la alegr\u00eda, dicen mientras se acercan cantando como entonces\u2026 pero no pudieron. All\u00ed donde las grietas de la historia se van cerrando lentamente, hace poco m\u00e1s de mes recib\u00edan en Buenos Aires, la noticia m\u00e1s alentadora que llegaba desde el Norte, del otro lado el Ecuador: Bravo hab\u00eda sido condenado, porque la causa no hab\u00eda prescripto. Uno m\u00e1s, el que quedaba suelto y oculto, encontrado asesino. Porque lo que no prescribe nunca es la verdad, y con ella se puede hacer justicia.\u00a0<\/span><\/p>\n<p><span style=\"font-weight: 400;\">En la ma\u00f1ana del 22 de agosto, los familiares que perdieron sus seres queridos, y todo un pueblo que reclama justicia, tambi\u00e9n tuvieron su regalo: la desclasificaci\u00f3n de los archivos al fin lleg\u00f3, quiz\u00e1s como un s\u00edmbolo de corroborar lo que la incansable b\u00fasqueda de ya ha sabido mostrar a Argentina y al mundo entero.\u00a0<\/span><\/p>\n<p><span style=\"font-weight: 400;\">Nunca m\u00e1s. Nunca m\u00e1s en los ojos de cada uno de los que est\u00e1n buscando respuestas que a\u00fan no tienen, nunca m\u00e1s en los de quienes encontraron los pedazos para rearmar la historia de su propia vida. Nunca m\u00e1s para un pueblo que de a poco, va intentando que las heridas sean menos dolorosas y se miren con el aprendizaje de la libertad y la democracia. Nunca m\u00e1s, para recordar que esa democracia que cost\u00f3 tanto es la que tiene que terminar con las grietas que nos separan.\u00a0\u00a0\u00a0\u00a0<\/span><\/p>\n","protected":false},"excerpt":{"rendered":"<p>Un nuevo 22 de agosto se alza en la memoria que no permite olvidar. Pero esta vez incluso es diferente,<\/p>\n","protected":false},"author":1,"featured_media":81484,"comment_status":"closed","ping_status":"closed","sticky":false,"template":"","format":"standard","meta":{"kia_subtitle":"","footnotes":"","jetpack_publicize_message":"A 50 a\u00f1os de la masacre de Trelew","jetpack_publicize_feature_enabled":true,"jetpack_social_post_already_shared":true,"jetpack_social_options":{"image_generator_settings":{"template":"highway","default_image_id":0,"font":"","enabled":false},"version":2}},"categories":[26],"tags":[],"class_list":["post-81483","post","type-post","status-publish","format-standard","has-post-thumbnail","hentry","category-editorial"],"jetpack_publicize_connections":[],"jetpack_featured_media_url":"https:\/\/laurbedigital.com.ar\/noticias\/wp-content\/uploads\/2022\/08\/20220826-Editorial.jpg","_links":{"self":[{"href":"https:\/\/laurbedigital.com.ar\/noticias\/wp-json\/wp\/v2\/posts\/81483","targetHints":{"allow":["GET"]}}],"collection":[{"href":"https:\/\/laurbedigital.com.ar\/noticias\/wp-json\/wp\/v2\/posts"}],"about":[{"href":"https:\/\/laurbedigital.com.ar\/noticias\/wp-json\/wp\/v2\/types\/post"}],"author":[{"embeddable":true,"href":"https:\/\/laurbedigital.com.ar\/noticias\/wp-json\/wp\/v2\/users\/1"}],"replies":[{"embeddable":true,"href":"https:\/\/laurbedigital.com.ar\/noticias\/wp-json\/wp\/v2\/comments?post=81483"}],"version-history":[{"count":4,"href":"https:\/\/laurbedigital.com.ar\/noticias\/wp-json\/wp\/v2\/posts\/81483\/revisions"}],"predecessor-version":[{"id":81488,"href":"https:\/\/laurbedigital.com.ar\/noticias\/wp-json\/wp\/v2\/posts\/81483\/revisions\/81488"}],"wp:featuredmedia":[{"embeddable":true,"href":"https:\/\/laurbedigital.com.ar\/noticias\/wp-json\/wp\/v2\/media\/81484"}],"wp:attachment":[{"href":"https:\/\/laurbedigital.com.ar\/noticias\/wp-json\/wp\/v2\/media?parent=81483"}],"wp:term":[{"taxonomy":"category","embeddable":true,"href":"https:\/\/laurbedigital.com.ar\/noticias\/wp-json\/wp\/v2\/categories?post=81483"},{"taxonomy":"post_tag","embeddable":true,"href":"https:\/\/laurbedigital.com.ar\/noticias\/wp-json\/wp\/v2\/tags?post=81483"}],"curies":[{"name":"wp","href":"https:\/\/api.w.org\/{rel}","templated":true}]}}