{"id":81437,"date":"2022-08-25T11:51:42","date_gmt":"2022-08-25T14:51:42","guid":{"rendered":"https:\/\/laurbedigital.com.ar\/noticias\/?p=81437"},"modified":"2022-08-25T11:51:42","modified_gmt":"2022-08-25T14:51:42","slug":"el-municipio-reabre-la-casa-borges-luego-de-ponerla-en-valor-y-realizar-obras-de-ampliacion","status":"publish","type":"post","link":"https:\/\/laurbedigital.com.ar\/noticias\/2022\/08\/25\/el-municipio-reabre-la-casa-borges-luego-de-ponerla-en-valor-y-realizar-obras-de-ampliacion\/","title":{"rendered":"El Municipio reabre la Casa Borges luego de ponerla en valor y realizar obras de ampliaci\u00f3n"},"content":{"rendered":"<h6 dir=\"ltr\"><\/h6>\n<h6 dir=\"ltr\"><strong>Luego de una gran puesta en valor y trabajos de ampliaci\u00f3n, el Municipio de Almirante Brown reabre este domingo 28 de agosto las puertas de Casa Borges con una repleta agenda de actividades que conmemoran la vida y obra del hist\u00f3rico escritor argentino Jorge Luis Borges.<\/strong><\/h6>\n<div dir=\"ltr\">Se trata del espacio ubicado en Diagonal Brown N\u00ba301 de Adrogu\u00e9, un t\u00edpico chalet de la d\u00e9cada del 40 que es considerada la \u00fanica vivienda en el mundo en la que Borges vivi\u00f3 y que fue transformada en un espacio abierto a la comunidad.<\/p>\n<p>De esta manera, Casa Borges reabre sus puertas luego de un importante trabajo de puesta en valor y ampliaci\u00f3n realizado por el Municipio de Almirante Brown que incluy\u00f3 la construcci\u00f3n de una galer\u00eda de exposiciones, nuevos n\u00facleos sanitarios y un dep\u00f3sito, adem\u00e1s de trabajos en el exterior e interior del chalet.<\/p>\n<p><img loading=\"lazy\" decoding=\"async\" class=\"alignnone size-large wp-image-81442\" src=\"https:\/\/laurbedigital.com.ar\/noticias\/wp-content\/uploads\/2022\/08\/Borges5-1024x768.jpg\" alt=\"\" width=\"800\" height=\"600\" title=\"\" srcset=\"https:\/\/laurbedigital.com.ar\/noticias\/wp-content\/uploads\/2022\/08\/Borges5-1024x768.jpg 1024w, https:\/\/laurbedigital.com.ar\/noticias\/wp-content\/uploads\/2022\/08\/Borges5-300x225.jpg 300w, https:\/\/laurbedigital.com.ar\/noticias\/wp-content\/uploads\/2022\/08\/Borges5-768x576.jpg 768w, https:\/\/laurbedigital.com.ar\/noticias\/wp-content\/uploads\/2022\/08\/Borges5-1536x1152.jpg 1536w, https:\/\/laurbedigital.com.ar\/noticias\/wp-content\/uploads\/2022\/08\/Borges5.jpg 1600w\" sizes=\"auto, (max-width: 800px) 100vw, 800px\" \/><\/div>\n<h6 dir=\"ltr\">\u201cEstamos muy entusiasmados y contentos con la reapertura de Casa\u00a0Borges\u00a0luego de las obras integrales que llevamos adelante. Es sin duda uno de los edificios hist\u00f3ricos m\u00e1s importantes de nuestro distrito, principalmente por lo que significa\u00a0Borges\u00a0para Almirante Brown y para el mundo\u201d, remarc\u00f3 Mariano Cascallares.<\/h6>\n<h6 dir=\"ltr\">A su turno, Juan Fabiani invit\u00f3 a las vecinas y vecinos a visitar el ic\u00f3nico edificio este s\u00e1bado por la tarde para disfrutar de una muestra art\u00edstica y el domingo a partir de las 17 hs con la inauguraci\u00f3n de las renovadas instalaciones.<\/h6>\n<p dir=\"ltr\">Cabe destacar que este espacio es trascendental porque retrata a Borges como un \u201cvecino de Adrogu\u00e9\u201d, su querida localidad que es mencionada en sus obras literarias.<\/p>\n<h6>\u00abEn cualquier parte del mundo que me encuentre, cuando siento el olor de los eucaliptus, estoy en Adrogu\u00e9 (&#8230;) Adrogu\u00e9 era eso: un largo laberinto tranquilo, de quintas, un laberinto de vastas noches quietas (&#8230;) As\u00ed es mi recuerdo de Adrogu\u00e9: las quintas, los coches en la plaza, las largas verjas, lo f\u00e1cil que era perderse\u00bb, se\u00f1al\u00f3 el propio Borges en una conferencia brindada el 19 de marzo de 1977 en Burzaco.<\/h6>\n<h4><b>Una amplia agenda de actividades<\/b><\/h4>\n<p>Las actividades comenzar\u00e1n el s\u00e1bado 27 de agosto a las 17 horas, previo a la reinauguraci\u00f3n, con la presentaci\u00f3n de la\u00a0muestra \u201cDiccionar\u201d, que se extender\u00e1 hasta octubre pr\u00f3ximo y podr\u00e1 ser recorrida de lunes a viernes de 8 a 14. Se trata de una propuesta que estuvo exhibida en el Centro Cultural San Mart\u00edn y que consta de 12 artistas que intervinieron enciclopedias sobre el hist\u00f3rico escritor argentino.<\/p>\n<p>Luego, el s\u00e1bado de 16 a 19 horas, se har\u00e1 la presentaci\u00f3n formal de la galer\u00eda y de la totalidad de las remodelaciones, adem\u00e1s del descubrimiento de placas conmemorativas. Asimismo, junto con el Instituto Municipal de las Culturas y del Instituto de Estudios Hist\u00f3ricos y Patrimonio Cultural local, habr\u00e1 espacios para narradoras, m\u00fasica y shows de danzas.<\/p>\n<p><img loading=\"lazy\" decoding=\"async\" class=\"alignnone size-large wp-image-81441\" src=\"https:\/\/laurbedigital.com.ar\/noticias\/wp-content\/uploads\/2022\/08\/Borges4-1024x682.jpg\" alt=\"\" width=\"800\" height=\"533\" title=\"\" srcset=\"https:\/\/laurbedigital.com.ar\/noticias\/wp-content\/uploads\/2022\/08\/Borges4-1024x682.jpg 1024w, https:\/\/laurbedigital.com.ar\/noticias\/wp-content\/uploads\/2022\/08\/Borges4-300x200.jpg 300w, https:\/\/laurbedigital.com.ar\/noticias\/wp-content\/uploads\/2022\/08\/Borges4-768x512.jpg 768w, https:\/\/laurbedigital.com.ar\/noticias\/wp-content\/uploads\/2022\/08\/Borges4-1536x1023.jpg 1536w, https:\/\/laurbedigital.com.ar\/noticias\/wp-content\/uploads\/2022\/08\/Borges4.jpg 1600w\" sizes=\"auto, (max-width: 800px) 100vw, 800px\" \/><\/p>\n<p>Adem\u00e1s, se podr\u00e1 disfrutar del cl\u00e1sico recorrido de Casa Borges, que incluye una sala audiovisual, una habitaci\u00f3n, una biblioteca con libros donados por la Fundaci\u00f3n Internacional Jorge Luis Borges, la Biblioteca Nacional Mariano Moreno y por Mar\u00eda Kodama. Tambi\u00e9n hay una computadora que conecta con el Borges Center de la Universidad de Pittsburgh.<\/p>\n<p>En la zona exterior, en tanto, los y las visitantes podr\u00e1n contemplar una estatua de Borges y cuatro murales pintados por artistas pl\u00e1sticos. Asimismo, estar\u00e1n los autores de dichos murales y la escultura pintando y poniendo en valor sus obras.<\/p>\n<h4><b>Trabajos de puesta en valor y ampliaci\u00f3n<\/b><\/h4>\n<p>Desde la gesti\u00f3n del intendente interino Juan Fabiani precisaron que las mejoras incluyen la construcci\u00f3n de un pabell\u00f3n anexo de veinticinco metros cuadrados vidriado, con estructura de hormig\u00f3n, que funciona como sala de exposiciones de obras de arte, en el cual tambi\u00e9n se dictar\u00e1n cursos y talleres abiertos. Adem\u00e1s, en paralelo, se conform\u00f3 un nuevo n\u00facleo sanitario y un dep\u00f3sito de ocho metros cuadrados, todo construido en un nuevo espacio concebido como un \u201cFaro de Arte\u201d dentro de\u00a0Casa\u00a0Borges.<\/p>\n<p><img loading=\"lazy\" decoding=\"async\" class=\"alignnone size-large wp-image-81439\" src=\"https:\/\/laurbedigital.com.ar\/noticias\/wp-content\/uploads\/2022\/08\/Borges1-1024x683.jpg\" alt=\"\" width=\"800\" height=\"534\" title=\"\" srcset=\"https:\/\/laurbedigital.com.ar\/noticias\/wp-content\/uploads\/2022\/08\/Borges1-1024x683.jpg 1024w, https:\/\/laurbedigital.com.ar\/noticias\/wp-content\/uploads\/2022\/08\/Borges1-300x200.jpg 300w, https:\/\/laurbedigital.com.ar\/noticias\/wp-content\/uploads\/2022\/08\/Borges1-768x512.jpg 768w, https:\/\/laurbedigital.com.ar\/noticias\/wp-content\/uploads\/2022\/08\/Borges1-1536x1024.jpg 1536w, https:\/\/laurbedigital.com.ar\/noticias\/wp-content\/uploads\/2022\/08\/Borges1.jpg 1600w\" sizes=\"auto, (max-width: 800px) 100vw, 800px\" \/><\/p>\n<p>Tambi\u00e9n se generaron nuevos accesos y una puesta de valor integral en el exterior e interior del edificio existente, las cuales incluyeron tareas de mantenimiento, pintura y alba\u00f1iler\u00eda.<\/p>\n<p>&nbsp;<\/p>\n","protected":false},"excerpt":{"rendered":"<p>Luego de una gran puesta en valor y trabajos de ampliaci\u00f3n, el Municipio de Almirante Brown reabre este domingo 28<\/p>\n","protected":false},"author":1,"featured_media":81438,"comment_status":"closed","ping_status":"closed","sticky":false,"template":"","format":"standard","meta":{"kia_subtitle":"","footnotes":"","jetpack_publicize_message":"El Municipio reabre la Casa Borges luego de ponerla en valor y realizar obras de ampliaci\u00f3n","jetpack_publicize_feature_enabled":true,"jetpack_social_post_already_shared":true,"jetpack_social_options":{"image_generator_settings":{"template":"highway","default_image_id":0,"font":"","enabled":false},"version":2}},"categories":[2,51,33],"tags":[],"class_list":["post-81437","post","type-post","status-publish","format-standard","has-post-thumbnail","hentry","category-alte-brown","category-adrogue","category-alte-brown-alte-brown"],"jetpack_publicize_connections":[],"jetpack_featured_media_url":"https:\/\/laurbedigital.com.ar\/noticias\/wp-content\/uploads\/2022\/08\/20220825-Brown-Casa-Borges-Museo.jpg","_links":{"self":[{"href":"https:\/\/laurbedigital.com.ar\/noticias\/wp-json\/wp\/v2\/posts\/81437","targetHints":{"allow":["GET"]}}],"collection":[{"href":"https:\/\/laurbedigital.com.ar\/noticias\/wp-json\/wp\/v2\/posts"}],"about":[{"href":"https:\/\/laurbedigital.com.ar\/noticias\/wp-json\/wp\/v2\/types\/post"}],"author":[{"embeddable":true,"href":"https:\/\/laurbedigital.com.ar\/noticias\/wp-json\/wp\/v2\/users\/1"}],"replies":[{"embeddable":true,"href":"https:\/\/laurbedigital.com.ar\/noticias\/wp-json\/wp\/v2\/comments?post=81437"}],"version-history":[{"count":2,"href":"https:\/\/laurbedigital.com.ar\/noticias\/wp-json\/wp\/v2\/posts\/81437\/revisions"}],"predecessor-version":[{"id":81444,"href":"https:\/\/laurbedigital.com.ar\/noticias\/wp-json\/wp\/v2\/posts\/81437\/revisions\/81444"}],"wp:featuredmedia":[{"embeddable":true,"href":"https:\/\/laurbedigital.com.ar\/noticias\/wp-json\/wp\/v2\/media\/81438"}],"wp:attachment":[{"href":"https:\/\/laurbedigital.com.ar\/noticias\/wp-json\/wp\/v2\/media?parent=81437"}],"wp:term":[{"taxonomy":"category","embeddable":true,"href":"https:\/\/laurbedigital.com.ar\/noticias\/wp-json\/wp\/v2\/categories?post=81437"},{"taxonomy":"post_tag","embeddable":true,"href":"https:\/\/laurbedigital.com.ar\/noticias\/wp-json\/wp\/v2\/tags?post=81437"}],"curies":[{"name":"wp","href":"https:\/\/api.w.org\/{rel}","templated":true}]}}