{"id":81319,"date":"2024-08-22T00:08:58","date_gmt":"2024-08-22T03:08:58","guid":{"rendered":"https:\/\/laurbedigital.com.ar\/noticias\/?p=81319"},"modified":"2024-08-22T02:05:27","modified_gmt":"2024-08-22T05:05:27","slug":"dia-internacional-del-hashtag-cual-es-su-origen-y-por-que-se-celebra-el-23-de-agosto","status":"publish","type":"post","link":"https:\/\/laurbedigital.com.ar\/noticias\/2024\/08\/22\/dia-internacional-del-hashtag-cual-es-su-origen-y-por-que-se-celebra-el-23-de-agosto\/","title":{"rendered":"D\u00eda Internacional del Hashtag: \u00bfcu\u00e1l es su origen y por qu\u00e9 se celebra el 23 de agosto?"},"content":{"rendered":"<h4 class=\"story-contents__header\"><b>\u00bf<\/b><strong>Cu\u00e1l es el origen del D\u00eda Internacional del Hashtag?<\/strong><\/h4>\n<p class=\"story-contents__font-paragraph \">La idea de\u00a0<b>utilizar el s\u00edmbolo de la almohadilla para organizar publicaciones<\/b>\u00a0relacionadas en redes sociales no exist\u00eda hasta que el\u00a0<b>dise\u00f1ador de producto y consultor de Internet Chris Messina<\/b>\u00a0lo propuso por primera vez el 23 de agosto de 2007.<\/p>\n<p class=\"story-contents__font-paragraph \">Messina pregunt\u00f3 a sus seguidores de Twitter c\u00f3mo se sentir\u00edan al usar la almohadilla para los grupos, y lo acompa\u00f1\u00f3 del\u00a0<b>primer \u2018hashtag\u2019 de la historia: #barcamp<\/b>, concepto que en ingl\u00e9s significa reuniones para compartir y aprender en entornos abiertos.<\/p>\n<h4 class=\"story-contents__header\"><b>\u00bfQu\u00e9 funci\u00f3n cumplen los hashtag?<\/b><\/h4>\n<p class=\"story-contents__font-paragraph \">El uso de estas etiquetas, as\u00ed como su alcance y su efectividad, no ha hecho m\u00e1s que crecer desde entonces.\u00a0<b>En todas las redes sociales, no solo en Twitter, los usuarios y marcas los utilizan para aumentar la interacci\u00f3n en una publicaci\u00f3n,<\/b>\u00a0generar conciencia de marca o para mostrar apoyo a problemas sociales, entre otros motivos.<\/p>\n<p>&nbsp;<\/p>\n<p>&nbsp;<\/p>\n","protected":false},"excerpt":{"rendered":"<p>\u00bfCu\u00e1l es el origen del D\u00eda Internacional del Hashtag? La idea de\u00a0utilizar el s\u00edmbolo de la almohadilla para organizar publicaciones\u00a0relacionadas<\/p>\n","protected":false},"author":1,"featured_media":81320,"comment_status":"closed","ping_status":"closed","sticky":false,"template":"","format":"standard","meta":{"kia_subtitle":"Este 23 de agosto, adem\u00e1s del D\u00eda del Internauta, se homenajea tambi\u00e9n el D\u00eda Internacional del Hashtag, una fecha que festeja el aniversario desde que en 2007 se utiliz\u00f3 el primer \u2018hashtag\u2019 de la historia en Twitter.","footnotes":"","jetpack_publicize_message":"D\u00eda Internacional del Hashtag: \u00bfcu\u00e1l es su origen y por qu\u00e9 se celebra el 23 de agosto?","jetpack_publicize_feature_enabled":true,"jetpack_social_post_already_shared":true,"jetpack_social_options":{"image_generator_settings":{"template":"highway","default_image_id":0,"font":"","enabled":false},"version":2}},"categories":[5,2594],"tags":[],"class_list":["post-81319","post","type-post","status-publish","format-standard","has-post-thumbnail","hentry","category-cultura","category-efemerides"],"jetpack_publicize_connections":[],"jetpack_featured_media_url":"https:\/\/laurbedigital.com.ar\/noticias\/wp-content\/uploads\/2022\/08\/20220823-Hashtag.jpg","_links":{"self":[{"href":"https:\/\/laurbedigital.com.ar\/noticias\/wp-json\/wp\/v2\/posts\/81319","targetHints":{"allow":["GET"]}}],"collection":[{"href":"https:\/\/laurbedigital.com.ar\/noticias\/wp-json\/wp\/v2\/posts"}],"about":[{"href":"https:\/\/laurbedigital.com.ar\/noticias\/wp-json\/wp\/v2\/types\/post"}],"author":[{"embeddable":true,"href":"https:\/\/laurbedigital.com.ar\/noticias\/wp-json\/wp\/v2\/users\/1"}],"replies":[{"embeddable":true,"href":"https:\/\/laurbedigital.com.ar\/noticias\/wp-json\/wp\/v2\/comments?post=81319"}],"version-history":[{"count":6,"href":"https:\/\/laurbedigital.com.ar\/noticias\/wp-json\/wp\/v2\/posts\/81319\/revisions"}],"predecessor-version":[{"id":108055,"href":"https:\/\/laurbedigital.com.ar\/noticias\/wp-json\/wp\/v2\/posts\/81319\/revisions\/108055"}],"wp:featuredmedia":[{"embeddable":true,"href":"https:\/\/laurbedigital.com.ar\/noticias\/wp-json\/wp\/v2\/media\/81320"}],"wp:attachment":[{"href":"https:\/\/laurbedigital.com.ar\/noticias\/wp-json\/wp\/v2\/media?parent=81319"}],"wp:term":[{"taxonomy":"category","embeddable":true,"href":"https:\/\/laurbedigital.com.ar\/noticias\/wp-json\/wp\/v2\/categories?post=81319"},{"taxonomy":"post_tag","embeddable":true,"href":"https:\/\/laurbedigital.com.ar\/noticias\/wp-json\/wp\/v2\/tags?post=81319"}],"curies":[{"name":"wp","href":"https:\/\/api.w.org\/{rel}","templated":true}]}}