{"id":81118,"date":"2022-08-18T16:30:06","date_gmt":"2022-08-18T19:30:06","guid":{"rendered":"https:\/\/laurbedigital.com.ar\/noticias\/?p=81118"},"modified":"2022-08-18T16:40:04","modified_gmt":"2022-08-18T19:40:04","slug":"miles-de-chicos-participan-de-la-caravana-de-la-ninez-que-desembarca-en-ministro-rivadavia-y-adrogue","status":"publish","type":"post","link":"https:\/\/laurbedigital.com.ar\/noticias\/2022\/08\/18\/miles-de-chicos-participan-de-la-caravana-de-la-ninez-que-desembarca-en-ministro-rivadavia-y-adrogue\/","title":{"rendered":"Miles\u00a0de chicos participan de la Caravana de la Ni\u00f1ez que desembarca en Ministro Rivadavia y Adrogu\u00e9"},"content":{"rendered":"<h6><\/h6>\n<h6><strong>El Municipio de Almirante Brown llevar\u00e1 adelante este domingo 21 de agosto la \u00abCaravana de la Ni\u00f1ez\u00bb en Ministro Rivadavia y Adrogu\u00e9, una actividad repleta de juegos, entretenimientos, shows y sorpresas que ya fue disfrutada por miles de ni\u00f1os y ni\u00f1as desde los primeros d\u00edas del mes.<\/strong><\/h6>\n<div>En esta oportunidad, la propuesta se realizar\u00e1 este domingo desde las 14.30 en la Plaza Eva Per\u00f3n de Ministro Rivadavia, situada en el cruce de Lahille y Sandoval, y luego a las 16.30 en la Plaza El Omb\u00fa del barrio Vattuone de Adrogu\u00e9, ubicada en Colombres y Cervantes.<\/div>\n<div><\/div>\n<div><img loading=\"lazy\" decoding=\"async\" class=\"alignnone size-full wp-image-81119\" src=\"https:\/\/laurbedigital.com.ar\/noticias\/wp-content\/uploads\/2022\/08\/tandil1.jpg\" alt=\"\" width=\"853\" height=\"568\" title=\"\" srcset=\"https:\/\/laurbedigital.com.ar\/noticias\/wp-content\/uploads\/2022\/08\/tandil1.jpg 853w, https:\/\/laurbedigital.com.ar\/noticias\/wp-content\/uploads\/2022\/08\/tandil1-300x200.jpg 300w, https:\/\/laurbedigital.com.ar\/noticias\/wp-content\/uploads\/2022\/08\/tandil1-768x511.jpg 768w\" sizes=\"auto, (max-width: 853px) 100vw, 853px\" \/><\/div>\n<h6>\u00abEstamos muy contentos sumando diversas actividades para los m\u00e1s chicos, en el marco del Mes de las Infancias. En este caso recorriendo distintos clubes y asociaciones intermedias llevando una gran cantidad de propuestas l\u00fadicas\u00bb, sostuvo Mariano Cascallares, quien remarc\u00f3 \u00abla importancia de una ni\u00f1ez feliz y plena\u00bb.<\/h6>\n<div>Adem\u00e1s, la Caravana volver\u00e1 tambi\u00e9n el pr\u00f3ximo fin de semana pero en las localidades de Claypole, Don Orione, Burzaco y Rafael Calzada. El intendente interino Juan Fabiani invit\u00f3 a las familias a participar de estas actividades enmarcadas en el Mes de la Ni\u00f1ez en nuestro distrito.<\/div>\n<div><img loading=\"lazy\" decoding=\"async\" class=\"alignnone size-large wp-image-81120\" src=\"https:\/\/laurbedigital.com.ar\/noticias\/wp-content\/uploads\/2022\/08\/tandil2-1024x683.jpg\" alt=\"\" width=\"800\" height=\"534\" title=\"\" srcset=\"https:\/\/laurbedigital.com.ar\/noticias\/wp-content\/uploads\/2022\/08\/tandil2-1024x683.jpg 1024w, https:\/\/laurbedigital.com.ar\/noticias\/wp-content\/uploads\/2022\/08\/tandil2-300x200.jpg 300w, https:\/\/laurbedigital.com.ar\/noticias\/wp-content\/uploads\/2022\/08\/tandil2-768x512.jpg 768w, https:\/\/laurbedigital.com.ar\/noticias\/wp-content\/uploads\/2022\/08\/tandil2-1536x1024.jpg 1536w, https:\/\/laurbedigital.com.ar\/noticias\/wp-content\/uploads\/2022\/08\/tandil2-2048x1366.jpg 2048w\" sizes=\"auto, (max-width: 800px) 100vw, 800px\" \/><\/div>\n<div>\n<p>En este sentido, el s\u00e1bado 27 de agosto se realizar\u00e1 desde las 14.30 en el Club Claypole, situado en Felix Lora N\u00ba145 y a las 15 horas en Mundo Feliz de Don Orione, ubicado en Chiape y Blas Parera.El domingo 28 de agosto, en tanto, se har\u00e1 lo propio a partir de las 14.30 en el Club Arzeno de Burzaco, en Juan Manuel Prieto N\u00ba1371, y en el Club Rafael Calzada, ubicado en la avenida San Mart\u00edn N\u00ba3169, desde las 16.30 horas.<\/p>\n<p>Cabe destacar que esta iniciativa ya se realiz\u00f3 el 6 de agosto en la Uni\u00f3n Vecinal 8 de Diciembre de San Jos\u00e9 y en el Centro de Comerciantes de Solano; el 7 de agosto en el CIC Malvinas Argentinas y en el club El Fog\u00f3n de Jos\u00e9 M\u00e1rmol; y tambi\u00e9n el 14 de agosto en los clubes Defensores de Glew y El Tri\u00e1ngulo de Longchamps.<\/p>\n<\/div>\n<div><\/div>\n<div>\n<p><img loading=\"lazy\" decoding=\"async\" class=\"alignnone wp-image-81121\" src=\"https:\/\/laurbedigital.com.ar\/noticias\/wp-content\/uploads\/2022\/08\/TANf7-1024x1024.jpg\" alt=\"\" width=\"634\" height=\"634\" title=\"\" srcset=\"https:\/\/laurbedigital.com.ar\/noticias\/wp-content\/uploads\/2022\/08\/TANf7-1024x1024.jpg 1024w, https:\/\/laurbedigital.com.ar\/noticias\/wp-content\/uploads\/2022\/08\/TANf7-300x300.jpg 300w, https:\/\/laurbedigital.com.ar\/noticias\/wp-content\/uploads\/2022\/08\/TANf7-150x150.jpg 150w, https:\/\/laurbedigital.com.ar\/noticias\/wp-content\/uploads\/2022\/08\/TANf7-768x768.jpg 768w, https:\/\/laurbedigital.com.ar\/noticias\/wp-content\/uploads\/2022\/08\/TANf7.jpg 1440w\" sizes=\"auto, (max-width: 634px) 100vw, 634px\" \/><\/p>\n<\/div>\n","protected":false},"excerpt":{"rendered":"<p>El Municipio de Almirante Brown llevar\u00e1 adelante este domingo 21 de agosto la \u00abCaravana de la Ni\u00f1ez\u00bb en Ministro Rivadavia<\/p>\n","protected":false},"author":1,"featured_media":81122,"comment_status":"closed","ping_status":"closed","sticky":false,"template":"","format":"standard","meta":{"kia_subtitle":"","footnotes":"","jetpack_publicize_message":"Miles\u00a0de chicos participan de la Caravana de la Ni\u00f1ez que desembarca en Ministro Rivadavia y Adrogu\u00e9","jetpack_publicize_feature_enabled":true,"jetpack_social_post_already_shared":true,"jetpack_social_options":{"image_generator_settings":{"template":"highway","default_image_id":0,"font":"","enabled":false},"version":2}},"categories":[2,33],"tags":[],"class_list":["post-81118","post","type-post","status-publish","format-standard","has-post-thumbnail","hentry","category-alte-brown","category-alte-brown-alte-brown"],"jetpack_publicize_connections":[],"jetpack_featured_media_url":"https:\/\/laurbedigital.com.ar\/noticias\/wp-content\/uploads\/2022\/08\/20220818-BROWN-CHICOS.jpg","_links":{"self":[{"href":"https:\/\/laurbedigital.com.ar\/noticias\/wp-json\/wp\/v2\/posts\/81118","targetHints":{"allow":["GET"]}}],"collection":[{"href":"https:\/\/laurbedigital.com.ar\/noticias\/wp-json\/wp\/v2\/posts"}],"about":[{"href":"https:\/\/laurbedigital.com.ar\/noticias\/wp-json\/wp\/v2\/types\/post"}],"author":[{"embeddable":true,"href":"https:\/\/laurbedigital.com.ar\/noticias\/wp-json\/wp\/v2\/users\/1"}],"replies":[{"embeddable":true,"href":"https:\/\/laurbedigital.com.ar\/noticias\/wp-json\/wp\/v2\/comments?post=81118"}],"version-history":[{"count":4,"href":"https:\/\/laurbedigital.com.ar\/noticias\/wp-json\/wp\/v2\/posts\/81118\/revisions"}],"predecessor-version":[{"id":81126,"href":"https:\/\/laurbedigital.com.ar\/noticias\/wp-json\/wp\/v2\/posts\/81118\/revisions\/81126"}],"wp:featuredmedia":[{"embeddable":true,"href":"https:\/\/laurbedigital.com.ar\/noticias\/wp-json\/wp\/v2\/media\/81122"}],"wp:attachment":[{"href":"https:\/\/laurbedigital.com.ar\/noticias\/wp-json\/wp\/v2\/media?parent=81118"}],"wp:term":[{"taxonomy":"category","embeddable":true,"href":"https:\/\/laurbedigital.com.ar\/noticias\/wp-json\/wp\/v2\/categories?post=81118"},{"taxonomy":"post_tag","embeddable":true,"href":"https:\/\/laurbedigital.com.ar\/noticias\/wp-json\/wp\/v2\/tags?post=81118"}],"curies":[{"name":"wp","href":"https:\/\/api.w.org\/{rel}","templated":true}]}}