{"id":80960,"date":"2022-08-15T19:40:27","date_gmt":"2022-08-15T22:40:27","guid":{"rendered":"https:\/\/laurbedigital.com.ar\/noticias\/?p=80960"},"modified":"2022-08-15T19:40:27","modified_gmt":"2022-08-15T22:40:27","slug":"mas-de-800-mil-turistas-se-movilizaron-este-fin-de-semana-largo-en-todo-el-pais","status":"publish","type":"post","link":"https:\/\/laurbedigital.com.ar\/noticias\/2022\/08\/15\/mas-de-800-mil-turistas-se-movilizaron-este-fin-de-semana-largo-en-todo-el-pais\/","title":{"rendered":"M\u00e1s de 800 mil turistas se movilizaron este fin de semana largo en todo el pa\u00eds"},"content":{"rendered":"<p>&nbsp;<\/p>\n<h6><strong>El Ministerio de Turismo y Deportes de la Naci\u00f3n asegura que es un 15 por ciento m\u00e1s del registro en 2019, con un impacto econ\u00f3mico de 20 mil millones de pesos.<\/strong><\/h6>\n<p>M\u00e1s de 800 mil turistas y de 1.5 millones de excursionistas se movilizaron durante este fin de semana largo, un 15 por ciento m\u00e1s del registro de la prepandemia (2019), con un impacto econ\u00f3mico de 20 mil millones de pesos, inform\u00f3 hoy el Ministerio de Turismo y Deportes.<\/p>\n<p>Los datos sobre la cantidad de movilizados surgen de la informaci\u00f3n brindada por el Observatorio Argentino de Turismo de la C\u00e1mara Argentina de Turismo (CAT), mientras la Confederaci\u00f3n Argentina de la Mediana empresa (CAME) recalc\u00f3 el impacto econ\u00f3mico.<\/p>\n<h6>\u201cEstamos cerrando otro fin de semana largo con n\u00fameros que superan por mucho a los de la prepandemia, tanto en destinos consolidados como emergentes\u201d, asegur\u00f3 el ministro de Turismo y Deportes, Mat\u00edas Lammens. Y agreg\u00f3: \u201cLo venimos diciendo desde el verano: lo que est\u00e1 pasando en el turismo ya no es recuperaci\u00f3n, es crecimiento\u201d.<\/h6>\n<p>Las fuentes destacaron la recuperaci\u00f3n del turismo receptivo \u201cliderado por visitantes de Uruguay y Brasil a la Ciudad de Buenos Aires (CABA), San Carlos de Bariloche, San Mart\u00edn de los Andes, Salta y los destinos de la provincia de Entre R\u00edos, que tuvieron un gran movimiento tur\u00edstico\u201d.<\/p>\n<p>Por su parte, localidades como Cadillal (Tucum\u00e1n), San Ignacio (Misiones), Bah\u00eda Blanca (Buenos Aires), Malarg\u00fce (Mendoza), el Gran San Juan, Villa Mercedes (San Luis), Rosario (Santa Fe) y las capitales de Santiago del Estero y La Rioja tuvieron ocupaci\u00f3n plena.<\/p>\n<p>Al respecto, el presidente de la CAT, Gustavo Hani, asegur\u00f3 que \u00ablos n\u00fameros de este fin de semana largo ya nos permiten hablar, en varios destinos, de una tendencia con movimiento tur\u00edstico por encima de las cifras que manej\u00e1bamos en 2019\u201d.<\/p>\n<p>Este fin de semana largo, en la provincia de Buenos Aires se destacaron los siguientes puntos tur\u00edsticos: Mar del Plata con una ocupaci\u00f3n del 70%, Tandil, 91%, Partido de la Costa, 70%, Villa Gesell, 70%, Jun\u00edn, 85%, Bah\u00eda Blanca, 98%, Sierra de la Ventana, 75%, San Antonio de Areco, 95%, Adolfo Alsina, 75%, Tigre, 75%, Chascom\u00fas, 70%, Miramar 99%, y la Ciudad de Buenos Aires con el 70%, seg\u00fan informaciones oficiales.<\/p>\n<p>En tanto, en C\u00f3rdoba Villa Carlos Paz lleg\u00f3 al 70% de plazas ocupadas, Villa General Belgrano al 78%, La Cumbrecita al 92%, Cosqu\u00edn al 85%, Santa Rosa de Calamuchita al 61%, Alta Gracia al 88%, Miramar de Ansenuza al 75%, Villa Giardino al 79%, La Cumbre al 75%, Mina Clavero al 48%, Cura Brochero al 53% y Nono al 54%.<\/p>\n<p>El promedio en la ciudad de C\u00f3rdoba super\u00f3 el 76%, y se posicion\u00f3 como uno de los destinos m\u00e1s elegidos de los turistas, en un nuevo fin de semana largo que cont\u00f3 con importante movimiento en los distintos valles serranos.<\/p>\n<p>En Jujuy, la Quebrada de Humahuaca tuvo una ocupaci\u00f3n del 90%; Valles, 80%; la Puna, 50% y las Yungas 52,2%, en tanto que Salta lleg\u00f3 a un promedio del 85%.<\/p>\n<p>En Tucum\u00e1n, Taf\u00ed del Valle, 93%; San Miguel de Tucum\u00e1n, 94%; San Javier, 98%; Yerba Buena, 98%; El Cadillal, 99%, y Taf\u00ed Viejo, 99%.<\/p>\n<p>En Santiago del Estero, las Termas de R\u00edo Hondo, 90%; Santiago, 100% y La Banda 100%, en tanto que, en La Rioja, Villa Uni\u00f3n, 90%; La Rioja Capital, 100%; Tama, 100%; Arauca 85% y Famatina, 85%.<\/p>\n<p>Misiones present\u00f3 una ocupaci\u00f3n en Puerto Iguaz\u00fa del 89%; Posadas, 90%; San Ignacio, 95%; El Soberbio, 65%; Ober\u00e1, 75%; San Vicente, 97% y El Dorado, 70%.<\/p>\n<p>En Corrientes, la capital tuvo una ocupaci\u00f3n del, 85%; Paso de la Patria, 94%; los Esteros del Iber\u00e1, 70% y Bella Vista, 84%.<\/p>\n<p>En la provincia de Santa Fe se destacaron Rosario con 98% de ocupaci\u00f3n; la ciudad de Santa Fe, 90%; Rafaela, 100%; Oliveros, 90%; Villa Constituci\u00f3n 80%; Melincu\u00e9, 70% y Reconquista, 85%.<\/p>\n<p>En Entre R\u00edos, Federaci\u00f3n y Gualeguaych\u00fa registraron una ocupaci\u00f3n de 90% y Paran\u00e1, un 95%.<\/p>\n<p>Por su parte, Mendoza registr\u00f3 en Las Le\u00f1as y Los Molles 90%; Mendoza capital, 91%; Malarg\u00fce, 97%; Potrerillos, 93%; El Challao, 87% y Uspallata, 81%.<\/p>\n<p>En San Juan, Calingasta tuvo un 96% de su capacidad tur\u00edstica ocupada; el Gran San Juan, 99%; Iglesia, 67%; J\u00e1chal, 65% y Valle F\u00e9rtil, 93%.<\/p>\n<p>En San Luis, Potrero de los Funes, 90% y Villa Mercedes 100%.<\/p>\n<p>En la Patagonia, San Carlos de Bariloche estuvo ocupada en un 85%; Las Grutas, 65%; Puerto Madryn, 87%; Esquel, 65%; San Mart\u00edn de los Andes, 80%; Villa La Angostura, 70%; El Calafate, 65%; Ushuaia, 85% y R\u00edo Grande 73%.<\/p>\n<p>Durante las vacaciones de invierno viajaron por el pa\u00eds m\u00e1s de 5 millones de turistas, lo que implic\u00f3 -tambi\u00e9n- como en este fin de semana largo, un crecimiento con respecto a la temporada prepand\u00e9mica.<\/p>\n<p>&nbsp;<\/p>\n","protected":false},"excerpt":{"rendered":"<p>&nbsp; El Ministerio de Turismo y Deportes de la Naci\u00f3n asegura que es un 15 por ciento m\u00e1s del registro<\/p>\n","protected":false},"author":1,"featured_media":80945,"comment_status":"closed","ping_status":"closed","sticky":false,"template":"","format":"standard","meta":{"kia_subtitle":"","footnotes":"","jetpack_publicize_message":"M\u00e1s de 800 mil turistas se movilizaron este fin de semana largo en todo el pa\u00eds","jetpack_publicize_feature_enabled":true,"jetpack_social_post_already_shared":true,"jetpack_social_options":{"image_generator_settings":{"template":"highway","default_image_id":0,"font":"","enabled":false},"version":2}},"categories":[3,41],"tags":[],"class_list":["post-80960","post","type-post","status-publish","format-standard","has-post-thumbnail","hentry","category-actualidad","category-nacionales"],"jetpack_publicize_connections":[],"jetpack_featured_media_url":"https:\/\/laurbedigital.com.ar\/noticias\/wp-content\/uploads\/2022\/08\/20220816-Chalten.jpg","_links":{"self":[{"href":"https:\/\/laurbedigital.com.ar\/noticias\/wp-json\/wp\/v2\/posts\/80960","targetHints":{"allow":["GET"]}}],"collection":[{"href":"https:\/\/laurbedigital.com.ar\/noticias\/wp-json\/wp\/v2\/posts"}],"about":[{"href":"https:\/\/laurbedigital.com.ar\/noticias\/wp-json\/wp\/v2\/types\/post"}],"author":[{"embeddable":true,"href":"https:\/\/laurbedigital.com.ar\/noticias\/wp-json\/wp\/v2\/users\/1"}],"replies":[{"embeddable":true,"href":"https:\/\/laurbedigital.com.ar\/noticias\/wp-json\/wp\/v2\/comments?post=80960"}],"version-history":[{"count":2,"href":"https:\/\/laurbedigital.com.ar\/noticias\/wp-json\/wp\/v2\/posts\/80960\/revisions"}],"predecessor-version":[{"id":80962,"href":"https:\/\/laurbedigital.com.ar\/noticias\/wp-json\/wp\/v2\/posts\/80960\/revisions\/80962"}],"wp:featuredmedia":[{"embeddable":true,"href":"https:\/\/laurbedigital.com.ar\/noticias\/wp-json\/wp\/v2\/media\/80945"}],"wp:attachment":[{"href":"https:\/\/laurbedigital.com.ar\/noticias\/wp-json\/wp\/v2\/media?parent=80960"}],"wp:term":[{"taxonomy":"category","embeddable":true,"href":"https:\/\/laurbedigital.com.ar\/noticias\/wp-json\/wp\/v2\/categories?post=80960"},{"taxonomy":"post_tag","embeddable":true,"href":"https:\/\/laurbedigital.com.ar\/noticias\/wp-json\/wp\/v2\/tags?post=80960"}],"curies":[{"name":"wp","href":"https:\/\/api.w.org\/{rel}","templated":true}]}}