{"id":8053,"date":"2017-08-08T10:19:30","date_gmt":"2017-08-08T13:19:30","guid":{"rendered":"http:\/\/laurbedigital.com.ar\/noticias\/?p=8053"},"modified":"2017-08-08T10:19:30","modified_gmt":"2017-08-08T13:19:30","slug":"pese-al-relato-del-gobierno-volvieron-a-caer-las-ventas-en-los-comercios","status":"publish","type":"post","link":"https:\/\/laurbedigital.com.ar\/noticias\/2017\/08\/08\/pese-al-relato-del-gobierno-volvieron-a-caer-las-ventas-en-los-comercios\/","title":{"rendered":"Pese al relato del Gobierno, volvieron a caer las ventas en los comercios"},"content":{"rendered":"<p>Las ventas de los comercios minoristas, medidas en unidades, cayeron en julio 1,6 por ciento respecto a igual mes del a\u00f1o anterior y acumularon en siete meses un descenso de 3 por ciento interanual, seg\u00fan un sondeo de la Confederaci\u00f3n Argentina de la Mediana Empresa (CAME).<\/p>\n<p>De los 18 sectores relevados, 16 mostraron en julio baja de ventas en la comparaci\u00f3n interanual, en uno solo subieron, y apenas uno no mostr\u00f3 cambios.<\/p>\n<p>La ca\u00edda m\u00e1s profunda se registr\u00f3 en los rubros calzado (-4,8 %), jugueter\u00edas y librer\u00edas (-3,9 %) y marroquiner\u00eda (-3,3 %).<\/p>\n<p>El titular de la CAME, Fabi\u00e1n Tarr\u00edo, evalu\u00f3 al respecto que \u201chay mucha disparidad, algunos negocios comenzaron a recuperarse bien pero otros todav\u00eda siguen cayendo\u201d.<\/p>\n<p>Asimismo, agreg\u00f3 que \u201cen las ciudades de frontera fue muy importante el acuerdo \u201912 cuotas todos los d\u00edas, todos los rubros\u2019 de CAME-ATACYC para levantar el consumo\u201d.<\/p>\n<p>\u201cEste convenio, para dar financiamiento sin inter\u00e9s, tuvo muy buenos resultados y fue un movilizador de las ventas en 76 ciudades que ven\u00edan muy golpeadas por la competencia de pa\u00edses como Chile y Paraguay\u201d, subray\u00f3 la CAME.<\/p>\n","protected":false},"excerpt":{"rendered":"<p>Las ventas de los comercios minoristas, medidas en unidades, cayeron en julio 1,6 por ciento respecto a igual mes del<\/p>\n","protected":false},"author":1,"featured_media":8054,"comment_status":"closed","ping_status":"closed","sticky":false,"template":"","format":"standard","meta":{"kia_subtitle":"","footnotes":"","jetpack_publicize_message":"","jetpack_publicize_feature_enabled":true,"jetpack_social_post_already_shared":true,"jetpack_social_options":{"image_generator_settings":{"template":"highway","default_image_id":0,"font":"","enabled":false},"version":2}},"categories":[3,41],"tags":[],"class_list":["post-8053","post","type-post","status-publish","format-standard","has-post-thumbnail","hentry","category-actualidad","category-nacionales"],"jetpack_publicize_connections":[],"jetpack_featured_media_url":"https:\/\/laurbedigital.com.ar\/noticias\/wp-content\/uploads\/2017\/08\/20170808-nac2.jpg","_links":{"self":[{"href":"https:\/\/laurbedigital.com.ar\/noticias\/wp-json\/wp\/v2\/posts\/8053","targetHints":{"allow":["GET"]}}],"collection":[{"href":"https:\/\/laurbedigital.com.ar\/noticias\/wp-json\/wp\/v2\/posts"}],"about":[{"href":"https:\/\/laurbedigital.com.ar\/noticias\/wp-json\/wp\/v2\/types\/post"}],"author":[{"embeddable":true,"href":"https:\/\/laurbedigital.com.ar\/noticias\/wp-json\/wp\/v2\/users\/1"}],"replies":[{"embeddable":true,"href":"https:\/\/laurbedigital.com.ar\/noticias\/wp-json\/wp\/v2\/comments?post=8053"}],"version-history":[{"count":1,"href":"https:\/\/laurbedigital.com.ar\/noticias\/wp-json\/wp\/v2\/posts\/8053\/revisions"}],"predecessor-version":[{"id":8055,"href":"https:\/\/laurbedigital.com.ar\/noticias\/wp-json\/wp\/v2\/posts\/8053\/revisions\/8055"}],"wp:featuredmedia":[{"embeddable":true,"href":"https:\/\/laurbedigital.com.ar\/noticias\/wp-json\/wp\/v2\/media\/8054"}],"wp:attachment":[{"href":"https:\/\/laurbedigital.com.ar\/noticias\/wp-json\/wp\/v2\/media?parent=8053"}],"wp:term":[{"taxonomy":"category","embeddable":true,"href":"https:\/\/laurbedigital.com.ar\/noticias\/wp-json\/wp\/v2\/categories?post=8053"},{"taxonomy":"post_tag","embeddable":true,"href":"https:\/\/laurbedigital.com.ar\/noticias\/wp-json\/wp\/v2\/tags?post=8053"}],"curies":[{"name":"wp","href":"https:\/\/api.w.org\/{rel}","templated":true}]}}