{"id":80507,"date":"2022-08-08T18:30:22","date_gmt":"2022-08-08T21:30:22","guid":{"rendered":"https:\/\/laurbedigital.com.ar\/noticias\/?p=80507"},"modified":"2022-08-08T18:30:45","modified_gmt":"2022-08-08T21:30:45","slug":"exitosa-jornada-solidaria-de-causa-comun-en-la-fiesta-patronal-de-san-cayetano-en-burzaco","status":"publish","type":"post","link":"https:\/\/laurbedigital.com.ar\/noticias\/2022\/08\/08\/exitosa-jornada-solidaria-de-causa-comun-en-la-fiesta-patronal-de-san-cayetano-en-burzaco\/","title":{"rendered":"Exitosa jornada solidaria de \u00abCausa Com\u00fan\u00bb en la fiesta patronal de San Cayetano en Burzaco"},"content":{"rendered":"<h5 dir=\"ltr\"><\/h5>\n<h5 dir=\"ltr\">El Municipio de Almirante Brown, a trav\u00e9s del programa solidario Causa Com\u00fan Brown, llev\u00f3 adelante una importante colecta de donaci\u00f3n de sangre y cabello en el marco de la fiesta patronal de San Cayetano, en la localidad de Burzaco.<\/h5>\n<div dir=\"ltr\">\n<p>La actividad se realiz\u00f3 de 14.30 a 18 horas en la Plaza San Cayetano, en la citada localidad, donde m\u00e1s de 30 vecinos y vecinas se acercaron a donar sangre de forma voluntaria y espont\u00e1nea para seguir fortaleciendo el banco del Hospital Lucio Mel\u00e9ndez.<\/p>\n<p>Adem\u00e1s, en simult\u00e1neo, se llev\u00f3 adelante la colecta de cabello en la parroquia San Cayetano, situada en Sempere y Buenos Aires, junto con la organizaci\u00f3n \u201cMechones por Sonrisas\u201d, destinada a la elaboraci\u00f3n de pelucas para pacientes oncol\u00f3gicos.<\/p>\n<p><img loading=\"lazy\" decoding=\"async\" class=\"alignnone size-large wp-image-80506\" src=\"https:\/\/laurbedigital.com.ar\/noticias\/wp-content\/uploads\/2022\/08\/causa6-1024x683.jpeg\" alt=\"\" width=\"800\" height=\"534\" title=\"\" srcset=\"https:\/\/laurbedigital.com.ar\/noticias\/wp-content\/uploads\/2022\/08\/causa6-1024x683.jpeg 1024w, https:\/\/laurbedigital.com.ar\/noticias\/wp-content\/uploads\/2022\/08\/causa6-300x200.jpeg 300w, https:\/\/laurbedigital.com.ar\/noticias\/wp-content\/uploads\/2022\/08\/causa6-768x512.jpeg 768w, https:\/\/laurbedigital.com.ar\/noticias\/wp-content\/uploads\/2022\/08\/causa6.jpeg 1366w\" sizes=\"auto, (max-width: 800px) 100vw, 800px\" \/><\/p>\n<p>A lo largo de la jornada estuvieron presentes Mariano Cascallares, el intendente interino de Almirante Brown, Juan Fabiani, y tambi\u00e9n el presidente del Concejo Deliberante de Almirante Brown, Nicol\u00e1s Jawtuschenko, quienes dialogaron con los vecinos y vecinas que se acercaron a participar de esta importante colecta altruista.<\/p>\n<p>Cabe destacar que esta iniciativa se llev\u00f3 adelante en el marco de la agenda de actividades del programa Causa Com\u00fan Brown, que en lo que va del a\u00f1o ya realiz\u00f3 seis colectas de sangre.<\/p>\n<p><img loading=\"lazy\" decoding=\"async\" class=\"alignnone size-large wp-image-80504\" src=\"https:\/\/laurbedigital.com.ar\/noticias\/wp-content\/uploads\/2022\/08\/causa3-1024x683.jpeg\" alt=\"\" width=\"800\" height=\"534\" title=\"\" srcset=\"https:\/\/laurbedigital.com.ar\/noticias\/wp-content\/uploads\/2022\/08\/causa3-1024x683.jpeg 1024w, https:\/\/laurbedigital.com.ar\/noticias\/wp-content\/uploads\/2022\/08\/causa3-300x200.jpeg 300w, https:\/\/laurbedigital.com.ar\/noticias\/wp-content\/uploads\/2022\/08\/causa3-768x512.jpeg 768w, https:\/\/laurbedigital.com.ar\/noticias\/wp-content\/uploads\/2022\/08\/causa3.jpeg 1366w\" sizes=\"auto, (max-width: 800px) 100vw, 800px\" \/><\/p>\n<p>De la actividad participaron tambi\u00e9n la directora del Hospital Mel\u00e9ndez Hilda Granotti, la jefa de Hemoterapia, Silvina Otero, e integrantes del servicio de hemoterapia del nosocomio provincial, quienes se manifestaron \u201cmuy contentos con la gran recepci\u00f3n\u201d a esta iniciativa por parte de la comunidad.<\/p>\n<\/div>\n<div dir=\"ltr\">Tambi\u00e9n dijo presente la Cruz Roja, que adem\u00e1s de participar en la colecta de sangre brind\u00f3 asistencia a los vecinos y vecinas que estuvieron en la peregrinaci\u00f3n por San Cayetano; y tambi\u00e9n integrantes del Hogar de Tr\u00e1nsito del CUCAIBA, quienes realizaron charlas de difusi\u00f3n y concientizaci\u00f3n sobre la importancia de donar \u00f3rganos.<\/div>\n<div dir=\"ltr\"><\/div>\n<div dir=\"ltr\"><\/div>\n","protected":false},"excerpt":{"rendered":"<p>El Municipio de Almirante Brown, a trav\u00e9s del programa solidario Causa Com\u00fan Brown, llev\u00f3 adelante una importante colecta de donaci\u00f3n<\/p>\n","protected":false},"author":1,"featured_media":80503,"comment_status":"closed","ping_status":"closed","sticky":false,"template":"","format":"standard","meta":{"kia_subtitle":"","footnotes":"","jetpack_publicize_message":"Exitosa jornada solidaria de \"Causa Com\u00fan\" en la fiesta patronal de San Cayetano en Burzaco","jetpack_publicize_feature_enabled":true,"jetpack_social_post_already_shared":true,"jetpack_social_options":{"image_generator_settings":{"template":"highway","default_image_id":0,"font":"","enabled":false},"version":2}},"categories":[2,33,43],"tags":[],"class_list":["post-80507","post","type-post","status-publish","format-standard","has-post-thumbnail","hentry","category-alte-brown","category-alte-brown-alte-brown","category-burzaco"],"jetpack_publicize_connections":[],"jetpack_featured_media_url":"https:\/\/laurbedigital.com.ar\/noticias\/wp-content\/uploads\/2022\/08\/20220808-Brown-causa.jpg","_links":{"self":[{"href":"https:\/\/laurbedigital.com.ar\/noticias\/wp-json\/wp\/v2\/posts\/80507","targetHints":{"allow":["GET"]}}],"collection":[{"href":"https:\/\/laurbedigital.com.ar\/noticias\/wp-json\/wp\/v2\/posts"}],"about":[{"href":"https:\/\/laurbedigital.com.ar\/noticias\/wp-json\/wp\/v2\/types\/post"}],"author":[{"embeddable":true,"href":"https:\/\/laurbedigital.com.ar\/noticias\/wp-json\/wp\/v2\/users\/1"}],"replies":[{"embeddable":true,"href":"https:\/\/laurbedigital.com.ar\/noticias\/wp-json\/wp\/v2\/comments?post=80507"}],"version-history":[{"count":4,"href":"https:\/\/laurbedigital.com.ar\/noticias\/wp-json\/wp\/v2\/posts\/80507\/revisions"}],"predecessor-version":[{"id":80511,"href":"https:\/\/laurbedigital.com.ar\/noticias\/wp-json\/wp\/v2\/posts\/80507\/revisions\/80511"}],"wp:featuredmedia":[{"embeddable":true,"href":"https:\/\/laurbedigital.com.ar\/noticias\/wp-json\/wp\/v2\/media\/80503"}],"wp:attachment":[{"href":"https:\/\/laurbedigital.com.ar\/noticias\/wp-json\/wp\/v2\/media?parent=80507"}],"wp:term":[{"taxonomy":"category","embeddable":true,"href":"https:\/\/laurbedigital.com.ar\/noticias\/wp-json\/wp\/v2\/categories?post=80507"},{"taxonomy":"post_tag","embeddable":true,"href":"https:\/\/laurbedigital.com.ar\/noticias\/wp-json\/wp\/v2\/tags?post=80507"}],"curies":[{"name":"wp","href":"https:\/\/api.w.org\/{rel}","templated":true}]}}