{"id":80472,"date":"2022-08-08T08:00:53","date_gmt":"2022-08-08T11:00:53","guid":{"rendered":"https:\/\/laurbedigital.com.ar\/noticias\/?p=80472"},"modified":"2022-08-07T23:05:58","modified_gmt":"2022-08-08T02:05:58","slug":"cuando-es-el-proximo-c","status":"publish","type":"post","link":"https:\/\/laurbedigital.com.ar\/noticias\/2022\/08\/08\/cuando-es-el-proximo-c\/","title":{"rendered":"\u00bfCu\u00e1ndo es el pr\u00f3ximo fin de semana largo?"},"content":{"rendered":"<p>&nbsp;<\/p>\n<h5 class=\"block__headline\">El pr\u00f3ximo mi\u00e9rcoles 17 de agosto se conmemora el paso a la inmortalidad del General Jos\u00e9 de San Mart\u00edn. Sin embargo, ser\u00e1 trasladable.<\/h5>\n<p class=\"block__headline\"><strong>El pr\u00f3ximo mi\u00e9rcoles 17 de agosto se conmemora el paso a la inmortalidad del General Jos\u00e9 de San Mart\u00edn.<\/strong>\u00a0Sin embargo, por fines tur\u00edsticos,\u00a0<strong>el feriado se trasladar\u00e1 al lunes 15,<\/strong>\u00a0por lo que habr\u00e1 un nuevo fin de semana largo.<\/p>\n<div class=\"entry\">\n<p>El Art\u00edculo 6 de la Ley 27.399 indica que, cuando una jornada hist\u00f3rica coincida con los d\u00edas martes o mi\u00e9rcoles, se pasar\u00e1 al lunes anterior.<\/p>\n<p><img loading=\"lazy\" decoding=\"async\" class=\"alignnone size-full wp-image-73178\" src=\"https:\/\/laurbedigital.com.ar\/noticias\/wp-content\/uploads\/2022\/03\/20220328-feriados.jpg\" alt=\"\" width=\"768\" height=\"428\" title=\"\" srcset=\"https:\/\/laurbedigital.com.ar\/noticias\/wp-content\/uploads\/2022\/03\/20220328-feriados.jpg 768w, https:\/\/laurbedigital.com.ar\/noticias\/wp-content\/uploads\/2022\/03\/20220328-feriados-300x167.jpg 300w\" sizes=\"auto, (max-width: 768px) 100vw, 768px\" \/><\/p>\n<h4 class=\"font--primary\"><strong>Cu\u00e1les son los pr\u00f3ximos feriados<\/strong><\/h4>\n<ul class=\"ul__list list\">\n<li class=\"list__item\">12 de octubre (D\u00eda del Respeto a la Diversidad Cultural): se celebrar\u00e1 el 10 de octubre.<\/li>\n<li class=\"list__item\">20 de noviembre (D\u00eda de la Soberan\u00eda Nacional): se celebrar\u00e1 el 21 de noviembre<\/li>\n<li class=\"list__item\">8 de diciembre (D\u00eda de la Inmaculada Concepci\u00f3n de Mar\u00eda)<\/li>\n<li class=\"list__item\">25 de diciembre (Navidad)<\/li>\n<\/ul>\n<h4 class=\"font--primary\"><strong>C\u00f3mo quedan los pr\u00f3ximos fines de semana largos<\/strong><\/h4>\n<ul class=\"ul__list list\">\n<li class=\"list__item\">Del viernes 7 de octubre (feriado tur\u00edstico) al lunes 10 (D\u00eda del Respeto a la Diversidad Cultural).<\/li>\n<li class=\"list__item\">Del s\u00e1bado 19 al lunes 21 de noviembre<b>\u00a0<\/b>(feriado con fines tur\u00edsticos).<\/li>\n<li class=\"list__item\">Del jueves 8 de diciembre<b>\u00a0<\/b>(D\u00eda de la Inmaculada Concepci\u00f3n) al domingo 11. En el medio, el viernes 9 (es feriado tur\u00edstico).<\/li>\n<\/ul>\n<p>&nbsp;<\/p>\n<\/div>\n","protected":false},"excerpt":{"rendered":"<p>&nbsp; El pr\u00f3ximo mi\u00e9rcoles 17 de agosto se conmemora el paso a la inmortalidad del General Jos\u00e9 de San Mart\u00edn.<\/p>\n","protected":false},"author":1,"featured_media":80438,"comment_status":"closed","ping_status":"closed","sticky":false,"template":"","format":"standard","meta":{"kia_subtitle":"","footnotes":"","jetpack_publicize_message":"\u00bfCu\u00e1ndo es el pr\u00f3ximo c?","jetpack_publicize_feature_enabled":true,"jetpack_social_post_already_shared":true,"jetpack_social_options":{"image_generator_settings":{"template":"highway","default_image_id":0,"font":"","enabled":false},"version":2}},"categories":[3,41],"tags":[],"class_list":["post-80472","post","type-post","status-publish","format-standard","has-post-thumbnail","hentry","category-actualidad","category-nacionales"],"jetpack_publicize_connections":[],"jetpack_featured_media_url":"https:\/\/laurbedigital.com.ar\/noticias\/wp-content\/uploads\/2022\/08\/20220808-Ferido.jpg","_links":{"self":[{"href":"https:\/\/laurbedigital.com.ar\/noticias\/wp-json\/wp\/v2\/posts\/80472","targetHints":{"allow":["GET"]}}],"collection":[{"href":"https:\/\/laurbedigital.com.ar\/noticias\/wp-json\/wp\/v2\/posts"}],"about":[{"href":"https:\/\/laurbedigital.com.ar\/noticias\/wp-json\/wp\/v2\/types\/post"}],"author":[{"embeddable":true,"href":"https:\/\/laurbedigital.com.ar\/noticias\/wp-json\/wp\/v2\/users\/1"}],"replies":[{"embeddable":true,"href":"https:\/\/laurbedigital.com.ar\/noticias\/wp-json\/wp\/v2\/comments?post=80472"}],"version-history":[{"count":4,"href":"https:\/\/laurbedigital.com.ar\/noticias\/wp-json\/wp\/v2\/posts\/80472\/revisions"}],"predecessor-version":[{"id":80476,"href":"https:\/\/laurbedigital.com.ar\/noticias\/wp-json\/wp\/v2\/posts\/80472\/revisions\/80476"}],"wp:featuredmedia":[{"embeddable":true,"href":"https:\/\/laurbedigital.com.ar\/noticias\/wp-json\/wp\/v2\/media\/80438"}],"wp:attachment":[{"href":"https:\/\/laurbedigital.com.ar\/noticias\/wp-json\/wp\/v2\/media?parent=80472"}],"wp:term":[{"taxonomy":"category","embeddable":true,"href":"https:\/\/laurbedigital.com.ar\/noticias\/wp-json\/wp\/v2\/categories?post=80472"},{"taxonomy":"post_tag","embeddable":true,"href":"https:\/\/laurbedigital.com.ar\/noticias\/wp-json\/wp\/v2\/tags?post=80472"}],"curies":[{"name":"wp","href":"https:\/\/api.w.org\/{rel}","templated":true}]}}