{"id":8047,"date":"2017-08-08T10:12:12","date_gmt":"2017-08-08T13:12:12","guid":{"rendered":"http:\/\/laurbedigital.com.ar\/noticias\/?p=8047"},"modified":"2017-08-08T10:12:12","modified_gmt":"2017-08-08T13:12:12","slug":"onu-pidio-una-accion-urgente-por-santiago-maldonado","status":"publish","type":"post","link":"https:\/\/laurbedigital.com.ar\/noticias\/2017\/08\/08\/onu-pidio-una-accion-urgente-por-santiago-maldonado\/","title":{"rendered":"ONU pidi\u00f3 \u201cuna acci\u00f3n urgente\u201d por Santiago Maldonado"},"content":{"rendered":"<p>El Comit\u00e9 contra la Desaparici\u00f3n Forzada de la ONU exigi\u00f3 una \u201cacci\u00f3n urgente del Estado argentino\u201d en el caso del joven Santiago Maldonado, desaparecido luego de una represi\u00f3n en Chubut.<\/p>\n<p>Hoy, la ministra de Seguridad, Patricia Bullrich, rompi\u00f3 el silencio del Gobierno y dud\u00f3 de la versi\u00f3n que indica que el joven fue detenido por la Gendarmer\u00eda.<\/p>\n<p>Desde diferentes sectores cruzaron a la ministra por sus dichos. \u201cYa tendr\u00eda que haber habido una requisa en todos los veh\u00edculos de la Gendarmer\u00eda\u201d, reclam\u00f3 Nora Corti\u00f1as, de Madres de Plaza de Mayo \u2013 L\u00ednea Fundadora. \u201c(Bullrich) Tiene que renunciar ya\u201d, agreg\u00f3 en una entrevista radial.<\/p>\n<p>Desde sectores de la oposici\u00f3n cuestionaron al Gobierno por su prolongado silencio de 5 d\u00edas para referirse al caso. Ahora, reclaman una acci\u00f3n m\u00e1s clara para encontrar a Santiago Maldonado. La diputada nacional Alcira Argumedo va a pedir la interpelaci\u00f3n de Bullrich en el Congreso nacional para saber cu\u00e1l fue la responsabilidad de Gendarmer\u00eda en la represi\u00f3n y en la desaparici\u00f3n del joven. Testigos aseguran que la \u00faltima vez que lo vieron estaba siendo subido a un cami\u00f3n de esa fuerza federal.<\/p>\n<p>En su escrito al Gobierno nacional, el organismo de la ONU pidi\u00f3 \u201cque la Gendarmer\u00eda Nacional Argentina se abstenga de participar en la b\u00fasqueda e investigaci\u00f3n de la desaparici\u00f3n\u201d.<\/p>\n<p>Vale recordar que dicho Comit\u00e9 ya cuestion\u00f3 al Estado argentino por la detenci\u00f3n \u201carbitraria\u201d de Milagro Sala.<\/p>\n","protected":false},"excerpt":{"rendered":"<p>El Comit\u00e9 contra la Desaparici\u00f3n Forzada de la ONU exigi\u00f3 una \u201cacci\u00f3n urgente del Estado argentino\u201d en el caso del<\/p>\n","protected":false},"author":1,"featured_media":8048,"comment_status":"closed","ping_status":"closed","sticky":false,"template":"","format":"standard","meta":{"kia_subtitle":"","footnotes":"","jetpack_publicize_message":"","jetpack_publicize_feature_enabled":true,"jetpack_social_post_already_shared":true,"jetpack_social_options":{"image_generator_settings":{"template":"highway","default_image_id":0,"font":"","enabled":false},"version":2}},"categories":[3,44,41],"tags":[],"class_list":["post-8047","post","type-post","status-publish","format-standard","has-post-thumbnail","hentry","category-actualidad","category-chubut","category-nacionales"],"jetpack_publicize_connections":[],"jetpack_featured_media_url":"https:\/\/laurbedigital.com.ar\/noticias\/wp-content\/uploads\/2017\/08\/20170808-nac.jpg","_links":{"self":[{"href":"https:\/\/laurbedigital.com.ar\/noticias\/wp-json\/wp\/v2\/posts\/8047","targetHints":{"allow":["GET"]}}],"collection":[{"href":"https:\/\/laurbedigital.com.ar\/noticias\/wp-json\/wp\/v2\/posts"}],"about":[{"href":"https:\/\/laurbedigital.com.ar\/noticias\/wp-json\/wp\/v2\/types\/post"}],"author":[{"embeddable":true,"href":"https:\/\/laurbedigital.com.ar\/noticias\/wp-json\/wp\/v2\/users\/1"}],"replies":[{"embeddable":true,"href":"https:\/\/laurbedigital.com.ar\/noticias\/wp-json\/wp\/v2\/comments?post=8047"}],"version-history":[{"count":1,"href":"https:\/\/laurbedigital.com.ar\/noticias\/wp-json\/wp\/v2\/posts\/8047\/revisions"}],"predecessor-version":[{"id":8049,"href":"https:\/\/laurbedigital.com.ar\/noticias\/wp-json\/wp\/v2\/posts\/8047\/revisions\/8049"}],"wp:featuredmedia":[{"embeddable":true,"href":"https:\/\/laurbedigital.com.ar\/noticias\/wp-json\/wp\/v2\/media\/8048"}],"wp:attachment":[{"href":"https:\/\/laurbedigital.com.ar\/noticias\/wp-json\/wp\/v2\/media?parent=8047"}],"wp:term":[{"taxonomy":"category","embeddable":true,"href":"https:\/\/laurbedigital.com.ar\/noticias\/wp-json\/wp\/v2\/categories?post=8047"},{"taxonomy":"post_tag","embeddable":true,"href":"https:\/\/laurbedigital.com.ar\/noticias\/wp-json\/wp\/v2\/tags?post=8047"}],"curies":[{"name":"wp","href":"https:\/\/api.w.org\/{rel}","templated":true}]}}