{"id":80455,"date":"2022-08-08T10:24:03","date_gmt":"2022-08-08T13:24:03","guid":{"rendered":"https:\/\/laurbedigital.com.ar\/noticias\/?p=80455"},"modified":"2022-08-07T22:27:34","modified_gmt":"2022-08-08T01:27:34","slug":"mas-de-60-000-inscriptos-a-los-creditos-para-la-reforma-y-ampliacion-de-viviendas","status":"publish","type":"post","link":"https:\/\/laurbedigital.com.ar\/noticias\/2022\/08\/08\/mas-de-60-000-inscriptos-a-los-creditos-para-la-reforma-y-ampliacion-de-viviendas\/","title":{"rendered":"M\u00e1s de 60.000 inscriptos a los cr\u00e9ditos para la reforma y ampliaci\u00f3n de viviendas"},"content":{"rendered":"<p>&nbsp;<\/p>\n<h5>Pueden acceder al CREA personas que tengan al menos 2 a\u00f1os de residencia en la provincia e ingresos de uno y cinco salarios m\u00ednimos: entre 45.000 pesos y 240 mil pesos.<\/h5>\n<p>M\u00e1s de 60.000 personas se inscribieron en el\u00a0<strong>Programa de Cr\u00e9ditos para la Reforma, Refacci\u00f3n y Ampliaci\u00f3n de Viviendas (CREA)<\/strong>\u00a0que comenz\u00f3 la semana pasada, seg\u00fan detall\u00f3 el ministro de H\u00e1bitat y Desarrollo Urbano bonaerense, Agust\u00edn Simone.<\/p>\n<p>El ministro preci\u00f3 a t\u00e9lam que esta iniciativa <strong>podr\u00e1 generar unos 16.000 puestos nuevos de trabajo directo durante 12 meses.<\/strong><\/p>\n<p>\u201c<strong>Hay 60.000 inscriptos y m\u00e1s de 300.000 ingresos a la p\u00e1gina<\/strong>\u201c, dijo el funcionario tras detallar que pueden acceder al CREA personas que tengan al menos 2 a\u00f1os de residencia en la provincia e ingresos \u201cuno y cinco salarios m\u00ednimos: entre 45.000 pesos y 240 mil pesos\u201d.<\/p>\n<p>El total\u00a0<strong>el CREA cuenta con una asignaci\u00f3n por $20.000 millones<\/strong>, por lo que estiman que\u00a0<strong>podr\u00e1n otorgar unos 50.000 cr\u00e9ditos<\/strong>, entre refacciones y ampliaciones.<\/p>\n<p>Simone precis\u00f3 que entre los inscriptos \u201c<strong>se har\u00e1 un sorteo en base a un esquema de poblaci\u00f3n vulnerable que se considera prioritaria<\/strong>\u201d y destac\u00f3 que se har\u00e1 \u201cpor municipio en base a la poblaci\u00f3n m\u00e1s \u00edndice de vulnerabilidad\u201d.<\/p>\n<p>El CREA<strong>\u00a0incluye tres l\u00edneas de financiamiento<\/strong>: Refacciones menores hasta $185.000; Refacciones mayores hasta $370.000 y Ampliaciones hasta $740.000.<\/p>\n<p>Los cr\u00e9ditos se devuelven en un plazo de que entre los 3 y 6 a\u00f1os, las cuotas no pueden superar el 25% de los ingresos de los hogares y se ajustan por el \u201c<strong>coeficiente HogarBA<\/strong>\u201c.<\/p>\n<p>Tendr\u00e1n prioridad para estos cr\u00e9ditos los grupos familiares numerosos; personas con discapacidad, dificultad o limitaci\u00f3n f\u00edsica permanente, que requieran adaptar sus viviendas para mejorar las condiciones de accesibilidad y movilidad; hogares monoparentales o tutores con menores de 18 a\u00f1os a cargo; personas en situaci\u00f3n de violencia de g\u00e9nero; personas travesti\/trans y hogares en barrios con situaci\u00f3n de vulnerabilidad social y\/o ambiental.<\/p>\n","protected":false},"excerpt":{"rendered":"<p>&nbsp; Pueden acceder al CREA personas que tengan al menos 2 a\u00f1os de residencia en la provincia e ingresos de<\/p>\n","protected":false},"author":1,"featured_media":80432,"comment_status":"closed","ping_status":"closed","sticky":false,"template":"","format":"standard","meta":{"kia_subtitle":"","footnotes":"","jetpack_publicize_message":"","jetpack_publicize_feature_enabled":true,"jetpack_social_post_already_shared":true,"jetpack_social_options":{"image_generator_settings":{"template":"highway","default_image_id":0,"font":"","enabled":false},"version":2}},"categories":[3,56],"tags":[],"class_list":["post-80455","post","type-post","status-publish","format-standard","has-post-thumbnail","hentry","category-actualidad","category-buenos-aires"],"jetpack_publicize_connections":[],"jetpack_featured_media_url":"https:\/\/laurbedigital.com.ar\/noticias\/wp-content\/uploads\/2022\/08\/20220808-ampliacion.jpg","_links":{"self":[{"href":"https:\/\/laurbedigital.com.ar\/noticias\/wp-json\/wp\/v2\/posts\/80455","targetHints":{"allow":["GET"]}}],"collection":[{"href":"https:\/\/laurbedigital.com.ar\/noticias\/wp-json\/wp\/v2\/posts"}],"about":[{"href":"https:\/\/laurbedigital.com.ar\/noticias\/wp-json\/wp\/v2\/types\/post"}],"author":[{"embeddable":true,"href":"https:\/\/laurbedigital.com.ar\/noticias\/wp-json\/wp\/v2\/users\/1"}],"replies":[{"embeddable":true,"href":"https:\/\/laurbedigital.com.ar\/noticias\/wp-json\/wp\/v2\/comments?post=80455"}],"version-history":[{"count":3,"href":"https:\/\/laurbedigital.com.ar\/noticias\/wp-json\/wp\/v2\/posts\/80455\/revisions"}],"predecessor-version":[{"id":80458,"href":"https:\/\/laurbedigital.com.ar\/noticias\/wp-json\/wp\/v2\/posts\/80455\/revisions\/80458"}],"wp:featuredmedia":[{"embeddable":true,"href":"https:\/\/laurbedigital.com.ar\/noticias\/wp-json\/wp\/v2\/media\/80432"}],"wp:attachment":[{"href":"https:\/\/laurbedigital.com.ar\/noticias\/wp-json\/wp\/v2\/media?parent=80455"}],"wp:term":[{"taxonomy":"category","embeddable":true,"href":"https:\/\/laurbedigital.com.ar\/noticias\/wp-json\/wp\/v2\/categories?post=80455"},{"taxonomy":"post_tag","embeddable":true,"href":"https:\/\/laurbedigital.com.ar\/noticias\/wp-json\/wp\/v2\/tags?post=80455"}],"curies":[{"name":"wp","href":"https:\/\/api.w.org\/{rel}","templated":true}]}}