{"id":80445,"date":"2022-08-08T08:28:20","date_gmt":"2022-08-08T11:28:20","guid":{"rendered":"https:\/\/laurbedigital.com.ar\/noticias\/?p=80445"},"modified":"2022-08-07T21:32:42","modified_gmt":"2022-08-08T00:32:42","slug":"anses-confirmo-las-fechas-de-cobro-de-esta-semana-para-jubilados-pensionados-auh-y-aue","status":"publish","type":"post","link":"https:\/\/laurbedigital.com.ar\/noticias\/2022\/08\/08\/anses-confirmo-las-fechas-de-cobro-de-esta-semana-para-jubilados-pensionados-auh-y-aue\/","title":{"rendered":"Anses confirm\u00f3 las fechas de cobro de esta semana para jubilados, pensionados, AUH y AUE"},"content":{"rendered":"<p>&nbsp;<\/p>\n<h5 class=\"description separatorlines\">El organismo pagar\u00e1 desde este lunes a los beneficiarios de asignaciones familiares y a los titulares de haberes previsionales.<\/h5>\n<p class=\"description separatorlines\">El calendario de cobro de la Administraci\u00f3n Nacional de la Seguridad Social,\u00a0Anses, fue confirmado para esta semana para\u00a0<b>jubilados<\/b>, pensionados y beneficiarios de la Asignaci\u00f3n Universal por Hijo (AUH) Y Embarazo (AUE) y dem\u00e1s asistencias.<\/p>\n<p>De esta manera qued\u00f3 estipulado que los\u00a0jubilados\u00a0y pensionados con haberes menores a $42.178 tendr\u00e1n acreditado el monto de sus haberes a partir de este lunes 8 de agosto; mientras que qui\u00e9nes cobran una suma superior iniciar\u00e1n con el pago a partir del 23, seg\u00fan inform\u00f3\u00a0<b>Mi Anses<\/b>, a trav\u00e9s de anses.gob.ar.<\/p>\n<p>Las PNC, por otro lado, finalizaron con el pago el pasado viernes; mientras que los titulares de\u00a0<b>Asignaciones Familiares<\/b>, por su parte, cobrar\u00e1n entre el 8 de agosto y el 12 de septiembre.<\/p>\n<p>En cuanto a quienes reciben la asistencia por desempleo habr\u00e1 dos fechas: los del Plan 1 ver\u00e1n depositados los montos en sus cuentas a partir del martes 23; y los del Plan 2 y 3 har\u00e1n lo mismo desde este jueves 4 hasta el 11 de agosto.<\/p>\n<p>Los beneficiarios de la\u00a0<b>AUH<\/b>, en tanto, iniciar\u00e1n con el cronograma de pagos de la ANSES desde este lunes 8; mientras quienes reciben la AUE lo har\u00e1n a partir del mi\u00e9rcoles 10; y la Prenatal y Maternidad, martes 9.<\/p>\n<div class=\"zone\">\n<div class=\"piece banner standard\">\n<div id=\"adbanner\" class=\"adbanner\" data-type=\"dfp\">\n<div id=\"inread_4\" data-dfp-id=\"inread_4\" data-dfp-type=\"inread\" data-dfp-path=\"\/22080871194\/inread_4\" data-dfp-banner-display=\"1\"><img loading=\"lazy\" decoding=\"async\" class=\"alignnone size-full wp-image-79985\" src=\"https:\/\/laurbedigital.com.ar\/noticias\/wp-content\/uploads\/2022\/07\/20220729-anses.jpg\" alt=\"\" width=\"768\" height=\"428\" title=\"\" srcset=\"https:\/\/laurbedigital.com.ar\/noticias\/wp-content\/uploads\/2022\/07\/20220729-anses.jpg 768w, https:\/\/laurbedigital.com.ar\/noticias\/wp-content\/uploads\/2022\/07\/20220729-anses-300x167.jpg 300w\" sizes=\"auto, (max-width: 768px) 100vw, 768px\" \/><\/div>\n<\/div>\n<\/div>\n<\/div>\n<p class=\"ptitle\">Anses: jubilados y pensionados con haberes inferiores a $42.178<\/p>\n<p>-Documentos terminados en 0: lunes 8 de agosto.<\/p>\n<p>-Documentos terminados en 1: martes 9 de agosto.<\/p>\n<p>-Documentos terminados en 2: mi\u00e9rcoles 10 de agosto.<\/p>\n<p>-Documentos terminados en 3: jueves 11 de agosto.<\/p>\n<p>-Documentos terminados en 4: viernes 12 de agosto.<\/p>\n<p>-Documentos terminados en 5: martes 16 de agosto.<\/p>\n<p>-Documentos terminados en 6: mi\u00e9rcoles 17 de agosto.<\/p>\n<p>-Documentos terminados en 7: jueves 18 de agosto.<\/p>\n<p>-Documentos terminados en 8: viernes 19 de agosto.<\/p>\n<p>-Documentos terminados en 9: lunes 22 de agosto.<\/p>\n<p class=\"ptitle\">Anses: jubilados y pensionados con haberes superiores a $42.178<\/p>\n<p>-Documentos terminados en 0 y 1: martes 23 de agosto.<\/p>\n<p>-Documentos terminados en 2 y 3: mi\u00e9rcoles 24 de agosto.<\/p>\n<p>-Documentos terminados en 4 y 5: jueves 25 de agosto.<\/p>\n<p>-Documentos terminados en 6 y 7: viernes 26 de agosto.<\/p>\n<p>-Documentos terminados en 8 y 9: lunes 29 de agosto.<\/p>\n<p class=\"ptitle\">Anses: fechas de cobro Asignaci\u00f3n Por Embarazo (AUE)<\/p>\n<p>-DNI terminados en 0: mi\u00e9rcoles 10 de agosto.<\/p>\n<p>-DNI terminados en 1: jueves 11 de agosto.<\/p>\n<p>-DNI terminados en 2: viernes 12 de agosto.<\/p>\n<p>FERIADO<\/p>\n<p>-DNI terminados en 3: martes 16 de agosto.<\/p>\n<p>-DNI terminados en 4: mi\u00e9rcoles 17 de agosto.<\/p>\n<p>-DNI terminados en 5: jueves 18 de agosto.<\/p>\n<p>-DNI terminados en 6: viernes 19 de agosto.<\/p>\n<p>-DNI terminados en 7: lunes 22 de agosto.<\/p>\n<p>-DNI terminados en 8: martes 23 de agosto.<\/p>\n<p>-DNI terminados en 9: mi\u00e9rcoles 24 de agosto.<\/p>\n<p class=\"ptitle\">Anses:\u00a0 Asignaci\u00f3n Universal Por Hijo (AUH)<\/p>\n<p>-DNI terminados en 0: lunes 8 de agosto.<\/p>\n<p>-DNI terminados en 1: martes 9 de agosto.<\/p>\n<p>-DNI terminados en 2: mi\u00e9rcoles 10 de agosto.<\/p>\n<p>-DNI terminados en 3: jueves 11 de agosto.<\/p>\n<p>-DNI terminados en 4: viernes 12 de agosto.<\/p>\n<p>FERIADO<\/p>\n<p>-DNI terminados en 5: martes 16 de agosto.<\/p>\n<p>-DNI terminados en 6: mi\u00e9rcoles 17 de agosto.<\/p>\n<p>-DNI terminados en 7: jueves 18 de agosto.<\/p>\n<p>-DNI terminados en 8: viernes 19 de agosto.<\/p>\n<p>-DNI terminados en 9: lunes 22 de agosto.<\/p>\n","protected":false},"excerpt":{"rendered":"<p>&nbsp; El organismo pagar\u00e1 desde este lunes a los beneficiarios de asignaciones familiares y a los titulares de haberes previsionales.<\/p>\n","protected":false},"author":1,"featured_media":80434,"comment_status":"closed","ping_status":"closed","sticky":false,"template":"","format":"standard","meta":{"kia_subtitle":"","footnotes":"","jetpack_publicize_message":"","jetpack_publicize_feature_enabled":true,"jetpack_social_post_already_shared":true,"jetpack_social_options":{"image_generator_settings":{"template":"highway","default_image_id":0,"font":"","enabled":false},"version":2}},"categories":[3,41],"tags":[],"class_list":["post-80445","post","type-post","status-publish","format-standard","has-post-thumbnail","hentry","category-actualidad","category-nacionales"],"jetpack_publicize_connections":[],"jetpack_featured_media_url":"https:\/\/laurbedigital.com.ar\/noticias\/wp-content\/uploads\/2022\/08\/20220808-Anses.jpg","_links":{"self":[{"href":"https:\/\/laurbedigital.com.ar\/noticias\/wp-json\/wp\/v2\/posts\/80445","targetHints":{"allow":["GET"]}}],"collection":[{"href":"https:\/\/laurbedigital.com.ar\/noticias\/wp-json\/wp\/v2\/posts"}],"about":[{"href":"https:\/\/laurbedigital.com.ar\/noticias\/wp-json\/wp\/v2\/types\/post"}],"author":[{"embeddable":true,"href":"https:\/\/laurbedigital.com.ar\/noticias\/wp-json\/wp\/v2\/users\/1"}],"replies":[{"embeddable":true,"href":"https:\/\/laurbedigital.com.ar\/noticias\/wp-json\/wp\/v2\/comments?post=80445"}],"version-history":[{"count":2,"href":"https:\/\/laurbedigital.com.ar\/noticias\/wp-json\/wp\/v2\/posts\/80445\/revisions"}],"predecessor-version":[{"id":80447,"href":"https:\/\/laurbedigital.com.ar\/noticias\/wp-json\/wp\/v2\/posts\/80445\/revisions\/80447"}],"wp:featuredmedia":[{"embeddable":true,"href":"https:\/\/laurbedigital.com.ar\/noticias\/wp-json\/wp\/v2\/media\/80434"}],"wp:attachment":[{"href":"https:\/\/laurbedigital.com.ar\/noticias\/wp-json\/wp\/v2\/media?parent=80445"}],"wp:term":[{"taxonomy":"category","embeddable":true,"href":"https:\/\/laurbedigital.com.ar\/noticias\/wp-json\/wp\/v2\/categories?post=80445"},{"taxonomy":"post_tag","embeddable":true,"href":"https:\/\/laurbedigital.com.ar\/noticias\/wp-json\/wp\/v2\/tags?post=80445"}],"curies":[{"name":"wp","href":"https:\/\/api.w.org\/{rel}","templated":true}]}}