{"id":80409,"date":"2022-08-07T09:48:38","date_gmt":"2022-08-07T12:48:38","guid":{"rendered":"https:\/\/laurbedigital.com.ar\/noticias\/?p=80409"},"modified":"2022-08-06T20:52:31","modified_gmt":"2022-08-06T23:52:31","slug":"gatillo-facil-a-dos-anos-del-crimen-de-blas-correas-continua-el-reclamo-de-justicia-audio","status":"publish","type":"post","link":"https:\/\/laurbedigital.com.ar\/noticias\/2022\/08\/07\/gatillo-facil-a-dos-anos-del-crimen-de-blas-correas-continua-el-reclamo-de-justicia-audio\/","title":{"rendered":"Gatillo f\u00e1cil: a dos a\u00f1os del crimen de Blas Correas, contin\u00faa el reclamo de justicia"},"content":{"rendered":"<p>&nbsp;<\/p>\n<h5>Los familiares y amigos del chico de 17 a\u00f1os asesinado a balazos por la polic\u00eda durante un operativo de control vehicular, realizaron una campa\u00f1a de visibilizaci\u00f3n de la causa, que tendr\u00e1 a 13 efectivos juzgados por un jurado popular desde el pr\u00f3ximo 7 de septiembre.<\/h5>\n<p>Los familiares y amigos de Valent\u00edn Blas Correas (17), el chico asesinado a balazos por la polic\u00eda durante un operativo de control vehicular en la capital de C\u00f3rdoba, renovaron el reclamo de pedido de justicia al cumplirse este s\u00e1bado dos a\u00f1os del hecho con una campa\u00f1a de visibilizaci\u00f3n de la causa, que tendr\u00e1 a 13 efectivos juzgados por un jurado popular desde el pr\u00f3ximo 7 de septiembre.<\/p>\n<p>Soledad Laciar y Fernando Blas Correas, padres el adolescente, y su hermano Juan, de 21 a\u00f1os, encabezaron la campa\u00f1a de \u201cpedido de justicia y condena a los culpables\u201d, con la modalidad de entrega de 2.000 bolsas de compras con la imagen del adolescente y la inscripci\u00f3n \u201cjusticia por Blas\u201d en las puertas de ingreso a supermercados.<\/p>\n<p><strong>\u201cEstamos pidiendo justicia por Blas y tambi\u00e9n por otras v\u00edctimas de violencia institucional que involucran a la polic\u00eda\u201d<\/strong>, manifest\u00f3 a los medios la mam\u00e1 de la v\u00edctima.<\/p>\n<p>En el marco de esa campa\u00f1a, Laciar tuvo un casual encuentro con el ministro de Seguridad de la provincia, Alfonso Mosquera, con quien tuvo un cruce de palabras y le reproch\u00f3 por no haber colaborado con la Justicia para que tambi\u00e9n se juzguen a los \u201cresponsables pol\u00edticos\u201d del crimen.<\/p>\n<p>La mujer dijo que tambi\u00e9n se est\u00e1 pidiendo a la gente que los acompa\u00f1e en el proceso de enjuiciamiento a los\u00a0<strong>13 efectivos policiales imputados<\/strong>, con distintas responsabilidades, en el hecho criminal.<\/p>\n<p>Adem\u00e1s, se realiza este s\u00e1bado un<strong>\u00a0torneo de f\u00fatbol en el complejo deportivo Campa<\/strong>, organizado por los amigos de Blas que siempre compart\u00edan partidos de ese deporte en el predio.<\/p>\n<p><img loading=\"lazy\" decoding=\"async\" class=\"alignnone size-full wp-image-80394\" src=\"https:\/\/laurbedigital.com.ar\/noticias\/wp-content\/uploads\/2022\/08\/20220807-Blas-Correa.jpg\" alt=\"\" width=\"768\" height=\"428\" title=\"\" srcset=\"https:\/\/laurbedigital.com.ar\/noticias\/wp-content\/uploads\/2022\/08\/20220807-Blas-Correa.jpg 768w, https:\/\/laurbedigital.com.ar\/noticias\/wp-content\/uploads\/2022\/08\/20220807-Blas-Correa-300x167.jpg 300w\" sizes=\"auto, (max-width: 768px) 100vw, 768px\" \/><\/p>\n<h4><strong>El crimen<\/strong><\/h4>\n<p>El homicidio de Correas ocurri\u00f3 en la madrugada del 6 de agosto del 2020 cuando, junto a cuatro amigos y compa\u00f1eros de colegio, circulaban en un auto luego de reunirse en un bar.<\/p>\n<p>Seg\u00fan la investigaci\u00f3n, los chicos evadieron un control policial en la zona sur de la ciudad de C\u00f3rdoba.<\/p>\n<p>Los polic\u00edas dispararon varios tiros, de los cuales cuatro impactaron contra el autom\u00f3vil, uno de ellos ingres\u00f3 por la luneta y se incrust\u00f3 en el om\u00f3plato de Blas, quien iba en la parte de atr\u00e1s del veh\u00edculo y muri\u00f3 a causa de la herida, en tanto otro proyectil caus\u00f3 heridas a otro de los ocupantes del auto.<\/p>\n<p>Posteriormente, y con el objetivo de simular un enfrentamiento con un grupo armado,\u00a0<strong>los polic\u00edas \u00abplantaron\u00bb un arma<\/strong>\u00a0en las cercan\u00edas donde luego fue interceptado el autom\u00f3vil con los chicos.<\/p>\n<p>En tanto, tres empleados del sanatorio Aconcagua (Sergio Casalino Guadalupe Moya y Paola Andrea Mezzacapo) fueron imputados en otra causa paralela por\u00a0<strong>\u00ababandono de persona\u00bb y \u00abomisi\u00f3n de auxilio\u00bb por haberse negado a atender a la v\u00edctima<\/strong>\u00a0cuando sus amigos lo trasladaron hasta ese centro de salud privado.<\/p>\n","protected":false},"excerpt":{"rendered":"<p>&nbsp; Los familiares y amigos del chico de 17 a\u00f1os asesinado a balazos por la polic\u00eda durante un operativo de<\/p>\n","protected":false},"author":1,"featured_media":80395,"comment_status":"closed","ping_status":"closed","sticky":false,"template":"","format":"standard","meta":{"kia_subtitle":"","footnotes":"","jetpack_publicize_message":"Gatillo f\u00e1cil: a dos a\u00f1os del crimen de Blas Correas, contin\u00faa el reclamo de justicia AUDIO","jetpack_publicize_feature_enabled":true,"jetpack_social_post_already_shared":true,"jetpack_social_options":{"image_generator_settings":{"template":"highway","default_image_id":0,"font":"","enabled":false},"version":2}},"categories":[8],"tags":[],"class_list":["post-80409","post","type-post","status-publish","format-standard","has-post-thumbnail","hentry","category-policiales"],"jetpack_publicize_connections":[],"jetpack_featured_media_url":"https:\/\/laurbedigital.com.ar\/noticias\/wp-content\/uploads\/2022\/08\/20220807-Blas-Correa-1.jpg","_links":{"self":[{"href":"https:\/\/laurbedigital.com.ar\/noticias\/wp-json\/wp\/v2\/posts\/80409","targetHints":{"allow":["GET"]}}],"collection":[{"href":"https:\/\/laurbedigital.com.ar\/noticias\/wp-json\/wp\/v2\/posts"}],"about":[{"href":"https:\/\/laurbedigital.com.ar\/noticias\/wp-json\/wp\/v2\/types\/post"}],"author":[{"embeddable":true,"href":"https:\/\/laurbedigital.com.ar\/noticias\/wp-json\/wp\/v2\/users\/1"}],"replies":[{"embeddable":true,"href":"https:\/\/laurbedigital.com.ar\/noticias\/wp-json\/wp\/v2\/comments?post=80409"}],"version-history":[{"count":3,"href":"https:\/\/laurbedigital.com.ar\/noticias\/wp-json\/wp\/v2\/posts\/80409\/revisions"}],"predecessor-version":[{"id":80412,"href":"https:\/\/laurbedigital.com.ar\/noticias\/wp-json\/wp\/v2\/posts\/80409\/revisions\/80412"}],"wp:featuredmedia":[{"embeddable":true,"href":"https:\/\/laurbedigital.com.ar\/noticias\/wp-json\/wp\/v2\/media\/80395"}],"wp:attachment":[{"href":"https:\/\/laurbedigital.com.ar\/noticias\/wp-json\/wp\/v2\/media?parent=80409"}],"wp:term":[{"taxonomy":"category","embeddable":true,"href":"https:\/\/laurbedigital.com.ar\/noticias\/wp-json\/wp\/v2\/categories?post=80409"},{"taxonomy":"post_tag","embeddable":true,"href":"https:\/\/laurbedigital.com.ar\/noticias\/wp-json\/wp\/v2\/tags?post=80409"}],"curies":[{"name":"wp","href":"https:\/\/api.w.org\/{rel}","templated":true}]}}