{"id":80377,"date":"2022-08-06T11:09:40","date_gmt":"2022-08-06T14:09:40","guid":{"rendered":"https:\/\/laurbedigital.com.ar\/noticias\/?p=80377"},"modified":"2022-08-05T22:12:16","modified_gmt":"2022-08-06T01:12:16","slug":"tras-las-cancelaciones-de-warner-bros-que-pasara-con-the-flash-de-ezra-miller","status":"publish","type":"post","link":"https:\/\/laurbedigital.com.ar\/noticias\/2022\/08\/06\/tras-las-cancelaciones-de-warner-bros-que-pasara-con-the-flash-de-ezra-miller\/","title":{"rendered":"Tras las cancelaciones de Warner Bros: \u00bfqu\u00e9 pasar\u00e1 con \u00abThe Flash\u00bb de Ezra Miller?"},"content":{"rendered":"<p>&nbsp;<\/p>\n<h5>Luego de que la compa\u00f1\u00eda frenara la producci\u00f3n y estreno de \u00abBatgirl\u00bb, una de las mayores inc\u00f3gnitas gira en torno a qu\u00e9 iba a suceder con el film del velocista de DC y con su protagonista.<\/h5>\n<p>Ante las cancelaciones de\u00a0<strong>Warner Bros.<\/strong>\u00a0a varios de sus t\u00edtulos en camino, la distribuidora busc\u00f3 llevar tranquilidad a su audiencia garantizando el lanzamiento de\u00a0varios de los films que se encuentran en\u00a0desarrollo.<\/p>\n<p>Entre ellos la expectativa era saber qu\u00e9 va a suceder con\u00a0<strong>\u00abThe Flash\u00bb<\/strong>, la cinta dirigida por el\u00a0cineasta argentino\u00a0<strong>Andy Muschietti\u00a0<\/strong>protagonizada por\u00a0<strong>Ezra Miller<\/strong>\u00a0y por varias razones.\u00a0Una de ellas, es que\u00a0la compa\u00f1\u00eda ya se encontraba evaluando la continuidad del actor\u00a0-quien viene de\u00a0incidentes por conductas violentas- en sus pel\u00edculas (no s\u00f3lo en las franquicias de DC sino tambi\u00e9n en \u00abAnimales Fant\u00e1sticos\u00bb). Otra, es que la pel\u00edcula busca contar con la\u00a0inclusi\u00f3n del Batman de Michael Keaton, quien iba a regresar en<strong>\u00a0\u00abBatgirl\u00bb<\/strong>.<\/p>\n<p>El desconcierto de los y las fans sucedi\u00f3 luego que\u00a0Warner Bros. comunicase que la pel\u00edcula de la hero\u00eda interpretada por la actriz y cantante\u00a0<strong>Leslie Grace<\/strong>, que ya hab\u00eda finalizado sus grabaciones,\u00a0no se estrenar\u00eda\u00a0debido a un \u00abcambio estrat\u00e9gico\u00bb, resultado de una etapa que inicia como\u00a0Warner Bros Discovery.<\/p>\n<p>En todo este contexto,\u00a0el\u00a0<strong>director ejecutivo de Warner Bros Discovery<\/strong>,\u00a0<strong>David Zaslav,<\/strong>\u00a0sostuvo que\u00a0\u00abThe Flash\u00bb llegar\u00e1 a los cines. \u00abDC est\u00e1 en la parte superior de la lista para nosotros.\u00a0Batman, Superman, Aquaman, Wonder Woman: estas son marcas conocidas en todo el mundo.\u00a0Nos hemos reestructurado con un equipo que tendr\u00e1 un plan de 10 a\u00f1os centrado solo en DC, al igual que Alan Horn y Bob Iger hicieron junto con Kevin\u00a0Feige en Disney.\u00a0No vamos a estrenar una pel\u00edcula antes de que est\u00e9 lista. No vamos a estrenar una pel\u00edcula cada trimestre. Pero DC es algo que creemos que podemos mejorar. Tenemos algunas grandes pel\u00edculas de DC por venir: \u2018Black Adam\u2019, \u2018Shazam\u2019 y \u2018Flash\u2019\u00bb, confirm\u00f3.<\/p>\n<p>Sin embargo, a\u00fan queda determinar qu\u00e9 decisi\u00f3n tomar\u00e1 la compa\u00f1\u00eda respecto al desempe\u00f1o de Miller, de quien se conoci\u00f3 en las \u00faltimas horas que \u00abestar\u00eda circulando por Estados Unidos en un estado de paranoia\u00bb, de acuerdo a un art\u00edculo de\u00a0<em>Insider<\/em>,\u00a0que sostiene que \u00abni la familia de Miller ni Warner Bros estar\u00edan haciendo lo necesario para ayudarlo\u00bb.<\/p>\n","protected":false},"excerpt":{"rendered":"<p>&nbsp; Luego de que la compa\u00f1\u00eda frenara la producci\u00f3n y estreno de \u00abBatgirl\u00bb, una de las mayores inc\u00f3gnitas gira en<\/p>\n","protected":false},"author":1,"featured_media":80351,"comment_status":"closed","ping_status":"closed","sticky":false,"template":"","format":"standard","meta":{"kia_subtitle":"","footnotes":"","jetpack_publicize_message":"Tras las cancelaciones de Warner Bros: \u00bfqu\u00e9 pasar\u00e1 con \"The Flash\" de Ezra Miller?","jetpack_publicize_feature_enabled":true,"jetpack_social_post_already_shared":true,"jetpack_social_options":{"image_generator_settings":{"template":"highway","default_image_id":0,"font":"","enabled":false},"version":2}},"categories":[68],"tags":[],"class_list":["post-80377","post","type-post","status-publish","format-standard","has-post-thumbnail","hentry","category-cine-y-series"],"jetpack_publicize_connections":[],"jetpack_featured_media_url":"https:\/\/laurbedigital.com.ar\/noticias\/wp-content\/uploads\/2022\/08\/20220806-FLASH.jpg","_links":{"self":[{"href":"https:\/\/laurbedigital.com.ar\/noticias\/wp-json\/wp\/v2\/posts\/80377","targetHints":{"allow":["GET"]}}],"collection":[{"href":"https:\/\/laurbedigital.com.ar\/noticias\/wp-json\/wp\/v2\/posts"}],"about":[{"href":"https:\/\/laurbedigital.com.ar\/noticias\/wp-json\/wp\/v2\/types\/post"}],"author":[{"embeddable":true,"href":"https:\/\/laurbedigital.com.ar\/noticias\/wp-json\/wp\/v2\/users\/1"}],"replies":[{"embeddable":true,"href":"https:\/\/laurbedigital.com.ar\/noticias\/wp-json\/wp\/v2\/comments?post=80377"}],"version-history":[{"count":2,"href":"https:\/\/laurbedigital.com.ar\/noticias\/wp-json\/wp\/v2\/posts\/80377\/revisions"}],"predecessor-version":[{"id":80379,"href":"https:\/\/laurbedigital.com.ar\/noticias\/wp-json\/wp\/v2\/posts\/80377\/revisions\/80379"}],"wp:featuredmedia":[{"embeddable":true,"href":"https:\/\/laurbedigital.com.ar\/noticias\/wp-json\/wp\/v2\/media\/80351"}],"wp:attachment":[{"href":"https:\/\/laurbedigital.com.ar\/noticias\/wp-json\/wp\/v2\/media?parent=80377"}],"wp:term":[{"taxonomy":"category","embeddable":true,"href":"https:\/\/laurbedigital.com.ar\/noticias\/wp-json\/wp\/v2\/categories?post=80377"},{"taxonomy":"post_tag","embeddable":true,"href":"https:\/\/laurbedigital.com.ar\/noticias\/wp-json\/wp\/v2\/tags?post=80377"}],"curies":[{"name":"wp","href":"https:\/\/api.w.org\/{rel}","templated":true}]}}