{"id":80224,"date":"2022-08-03T20:00:30","date_gmt":"2022-08-03T23:00:30","guid":{"rendered":"https:\/\/laurbedigital.com.ar\/noticias\/?p=80224"},"modified":"2022-08-03T20:01:19","modified_gmt":"2022-08-03T23:01:19","slug":"en-almirante-brown-esta-abierta-la-inscripcion-al-fines-2022","status":"publish","type":"post","link":"https:\/\/laurbedigital.com.ar\/noticias\/2022\/08\/03\/en-almirante-brown-esta-abierta-la-inscripcion-al-fines-2022\/","title":{"rendered":"En Almirante Brown est\u00e1 abierta la inscripci\u00f3n al FinEs 2022"},"content":{"rendered":"<h5 dir=\"ltr\"><\/h5>\n<h5 dir=\"ltr\">El Municipio de Almirante Brown inform\u00f3 que hasta el 12 de agosto se encuentra abierta la inscripci\u00f3n al Programa de Finalizaci\u00f3n de Estudios (FinEs), trayecto secundario, para el segundo cuatrimestre del presente a\u00f1o 2022.<\/h5>\n<div dir=\"ltr\">\n<p>La convocatoria est\u00e1 dirigida a j\u00f3venes y adultos mayores de 18 a\u00f1os que no hayan finalizado sus estudios secundarios, que no los hayan cursado, y quieran retomarlo o iniciarlo.<\/p>\n<p>Desde la gesti\u00f3n del intendente interino, Juan Fabiani, se\u00f1alaron que los interesados podr\u00e1n inscribirse en los siguientes puntos: Jefatura Distrital, ubicada en la calle Quintana 650, Burzaco, de lunes a viernes de 9 a 15 horas; y en la Casa Municipal de la Cultura (Esteban Adrogu\u00e9 1224, &#8211; 3er. piso-, Adrogu\u00e9) tambi\u00e9n de lunes a viernes en el horario de 8 a 14.<\/p>\n<p><img loading=\"lazy\" decoding=\"async\" class=\"alignnone size-full wp-image-80226\" src=\"https:\/\/laurbedigital.com.ar\/noticias\/wp-content\/uploads\/2022\/08\/FINES2.jpg\" alt=\"\" width=\"900\" height=\"600\" title=\"\" srcset=\"https:\/\/laurbedigital.com.ar\/noticias\/wp-content\/uploads\/2022\/08\/FINES2.jpg 900w, https:\/\/laurbedigital.com.ar\/noticias\/wp-content\/uploads\/2022\/08\/FINES2-300x200.jpg 300w, https:\/\/laurbedigital.com.ar\/noticias\/wp-content\/uploads\/2022\/08\/FINES2-768x512.jpg 768w\" sizes=\"auto, (max-width: 900px) 100vw, 900px\" \/><\/p>\n<\/div>\n<h6 dir=\"ltr\"><strong>En ese marco, Mariano Cascallares manifest\u00f3: \u201cseguimos trabajando para que el plan Fines en Almirante Brown sea un modelo, ya que estamos convencidos que una pol\u00edtica inclusiva est\u00e1 atada a la Educaci\u00f3n P\u00fablica inclusiva y de calidad\u201d, precis\u00f3.<\/strong><\/h6>\n<div dir=\"ltr\">\n<p>Vale recordar que\u00a0\u00a0para la inscripci\u00f3n se debe presentar la siguiente documentaci\u00f3n: DNI, y certificado\/constancia de los \u00faltimos estudios cursados.<\/p>\n<p>Cabe se\u00f1alar, que el t\u00edtulo que se otorga es oficial, tiene validez nacional y es gratuito.<\/p>\n<p>Para m\u00e1s informaci\u00f3n y consultas, comunicarse a trav\u00e9s del mail\u00a0<a href=\"mailto:coordinacioniepbrown@gmail.com\" target=\"_blank\" rel=\"nofollow noopener\">coordinacioniepbrown@<wbr \/>gmail.com<\/a>\u00a0o por Whatsaap al 1166428399.<\/p>\n<\/div>\n<div dir=\"ltr\"><\/div>\n<div dir=\"ltr\"><\/div>\n","protected":false},"excerpt":{"rendered":"<p>El Municipio de Almirante Brown inform\u00f3 que hasta el 12 de agosto se encuentra abierta la inscripci\u00f3n al Programa de<\/p>\n","protected":false},"author":1,"featured_media":80225,"comment_status":"closed","ping_status":"closed","sticky":false,"template":"","format":"standard","meta":{"kia_subtitle":"","footnotes":"","jetpack_publicize_message":"","jetpack_publicize_feature_enabled":true,"jetpack_social_post_already_shared":true,"jetpack_social_options":{"image_generator_settings":{"template":"highway","default_image_id":0,"font":"","enabled":false},"version":2}},"categories":[2,33],"tags":[],"class_list":["post-80224","post","type-post","status-publish","format-standard","has-post-thumbnail","hentry","category-alte-brown","category-alte-brown-alte-brown"],"jetpack_publicize_connections":[],"jetpack_featured_media_url":"https:\/\/laurbedigital.com.ar\/noticias\/wp-content\/uploads\/2022\/08\/20220803-Brown-Egresados-Fines.jpg","_links":{"self":[{"href":"https:\/\/laurbedigital.com.ar\/noticias\/wp-json\/wp\/v2\/posts\/80224","targetHints":{"allow":["GET"]}}],"collection":[{"href":"https:\/\/laurbedigital.com.ar\/noticias\/wp-json\/wp\/v2\/posts"}],"about":[{"href":"https:\/\/laurbedigital.com.ar\/noticias\/wp-json\/wp\/v2\/types\/post"}],"author":[{"embeddable":true,"href":"https:\/\/laurbedigital.com.ar\/noticias\/wp-json\/wp\/v2\/users\/1"}],"replies":[{"embeddable":true,"href":"https:\/\/laurbedigital.com.ar\/noticias\/wp-json\/wp\/v2\/comments?post=80224"}],"version-history":[{"count":4,"href":"https:\/\/laurbedigital.com.ar\/noticias\/wp-json\/wp\/v2\/posts\/80224\/revisions"}],"predecessor-version":[{"id":80230,"href":"https:\/\/laurbedigital.com.ar\/noticias\/wp-json\/wp\/v2\/posts\/80224\/revisions\/80230"}],"wp:featuredmedia":[{"embeddable":true,"href":"https:\/\/laurbedigital.com.ar\/noticias\/wp-json\/wp\/v2\/media\/80225"}],"wp:attachment":[{"href":"https:\/\/laurbedigital.com.ar\/noticias\/wp-json\/wp\/v2\/media?parent=80224"}],"wp:term":[{"taxonomy":"category","embeddable":true,"href":"https:\/\/laurbedigital.com.ar\/noticias\/wp-json\/wp\/v2\/categories?post=80224"},{"taxonomy":"post_tag","embeddable":true,"href":"https:\/\/laurbedigital.com.ar\/noticias\/wp-json\/wp\/v2\/tags?post=80224"}],"curies":[{"name":"wp","href":"https:\/\/api.w.org\/{rel}","templated":true}]}}