{"id":80100,"date":"2022-08-01T12:29:07","date_gmt":"2022-08-01T15:29:07","guid":{"rendered":"https:\/\/laurbedigital.com.ar\/noticias\/?p=80100"},"modified":"2022-08-01T12:29:07","modified_gmt":"2022-08-01T15:29:07","slug":"con-un-acto-piden-justicia-a-cinco-anos-de-la-muerte-de-santiago-maldonado","status":"publish","type":"post","link":"https:\/\/laurbedigital.com.ar\/noticias\/2022\/08\/01\/con-un-acto-piden-justicia-a-cinco-anos-de-la-muerte-de-santiago-maldonado\/","title":{"rendered":"Con un acto, piden justicia a cinco a\u00f1os de la muerte de Santiago Maldonado"},"content":{"rendered":"<p>&nbsp;<\/p>\n<h5>La concentraci\u00f3n comenzar\u00e1 a partir de las 17 con presentaciones musicales de bandas como \u00abLas Manos de Filippi\u00bb, \u00abLa Delio Valdez\u00bb y \u00abLa Chilinga\u00bb, mientras que el acto central se concretar\u00e1 a partir de las 18.<\/h5>\n<p>Familiares y amigos de Santiago Maldonado realizar\u00e1n este lunes desde las 17 un acto en Plaza de Mayo para reiterar el pedido de \u00abjusticia y verdad\u00bb, al cumplirse cinco a\u00f1os de la desaparici\u00f3n y muerte del joven artesano.<\/p>\n<p>La concentraci\u00f3n comenzar\u00e1 a partir de las 17 con presentaciones musicales de bandas como \u00abLas Manos de Filippi\u00bb, \u00abLa Delio Valdez\u00bb y \u00abLa Chilinga\u00bb, mientras que el acto central se concretar\u00e1 a partir de las 18.<\/p>\n<p><strong>Sergio Maldonado,<\/strong> hermano de Santiago, asegur\u00f3 en declaraciones a t\u00e9lam que la causa que investiga la muerte del joven, hallado sin vida luego de haber estado 78 d\u00edas desaparecido tras una represi\u00f3n ejecutada en agosto de 2017 en Chubut por agentes de la Gendarmer\u00eda,<strong>\u00a0\u00abest\u00e1 paralizada en la Corte Suprema desde marzo de 2020\u00bb<\/strong>.<\/p>\n<p><img loading=\"lazy\" decoding=\"async\" class=\"alignnone size-full wp-image-80102\" src=\"https:\/\/laurbedigital.com.ar\/noticias\/wp-content\/uploads\/2022\/08\/20220801-Z-Maldonado-1.jpg\" alt=\"\" width=\"768\" height=\"428\" title=\"\" srcset=\"https:\/\/laurbedigital.com.ar\/noticias\/wp-content\/uploads\/2022\/08\/20220801-Z-Maldonado-1.jpg 768w, https:\/\/laurbedigital.com.ar\/noticias\/wp-content\/uploads\/2022\/08\/20220801-Z-Maldonado-1-300x167.jpg 300w\" sizes=\"auto, (max-width: 768px) 100vw, 768px\" \/><\/p>\n<p>Acompa\u00f1an la convocatoria Abuelas de Plaza de Mayo, Madres de Plaza de Mayo L\u00ednea Fundadora, Familiares de Desaparecidos y Detenidos por Razones Pol\u00edticas, H.I.J.O.S. Capital, Asamblea Permanente por los Derechos Humanos (APDH), Liga Argentina por los Derechos Humanos (LADH), Centro de Estudios Legales y Sociales (CELS).<\/p>\n<p>Asimismo<strong>, se sumar\u00e1n al reclamo la Central de Trabajadores Argentinos (CTA) y ATE Capital<\/strong>, que a trav\u00e9s de sus redes sociales se refirieron a los \u00ab5 a\u00f1os de impunidad\u00bb y acompa\u00f1aron el pedido de justicia de los familiares.<\/p>\n<p>&nbsp;<\/p>\n","protected":false},"excerpt":{"rendered":"<p>&nbsp; La concentraci\u00f3n comenzar\u00e1 a partir de las 17 con presentaciones musicales de bandas como \u00abLas Manos de Filippi\u00bb, \u00abLa<\/p>\n","protected":false},"author":1,"featured_media":80101,"comment_status":"closed","ping_status":"closed","sticky":false,"template":"","format":"standard","meta":{"kia_subtitle":"","footnotes":"","jetpack_publicize_message":"Con un acto, piden justicia a cinco a\u00f1os de la muerte de Santiago Maldonado","jetpack_publicize_feature_enabled":true,"jetpack_social_post_already_shared":true,"jetpack_social_options":{"image_generator_settings":{"template":"highway","default_image_id":0,"font":"","enabled":false},"version":2}},"categories":[3,61],"tags":[],"class_list":["post-80100","post","type-post","status-publish","format-standard","has-post-thumbnail","hentry","category-actualidad","category-ddhh"],"jetpack_publicize_connections":[],"jetpack_featured_media_url":"https:\/\/laurbedigital.com.ar\/noticias\/wp-content\/uploads\/2022\/08\/20220801-Z-Maldonado.jpg","_links":{"self":[{"href":"https:\/\/laurbedigital.com.ar\/noticias\/wp-json\/wp\/v2\/posts\/80100","targetHints":{"allow":["GET"]}}],"collection":[{"href":"https:\/\/laurbedigital.com.ar\/noticias\/wp-json\/wp\/v2\/posts"}],"about":[{"href":"https:\/\/laurbedigital.com.ar\/noticias\/wp-json\/wp\/v2\/types\/post"}],"author":[{"embeddable":true,"href":"https:\/\/laurbedigital.com.ar\/noticias\/wp-json\/wp\/v2\/users\/1"}],"replies":[{"embeddable":true,"href":"https:\/\/laurbedigital.com.ar\/noticias\/wp-json\/wp\/v2\/comments?post=80100"}],"version-history":[{"count":3,"href":"https:\/\/laurbedigital.com.ar\/noticias\/wp-json\/wp\/v2\/posts\/80100\/revisions"}],"predecessor-version":[{"id":80105,"href":"https:\/\/laurbedigital.com.ar\/noticias\/wp-json\/wp\/v2\/posts\/80100\/revisions\/80105"}],"wp:featuredmedia":[{"embeddable":true,"href":"https:\/\/laurbedigital.com.ar\/noticias\/wp-json\/wp\/v2\/media\/80101"}],"wp:attachment":[{"href":"https:\/\/laurbedigital.com.ar\/noticias\/wp-json\/wp\/v2\/media?parent=80100"}],"wp:term":[{"taxonomy":"category","embeddable":true,"href":"https:\/\/laurbedigital.com.ar\/noticias\/wp-json\/wp\/v2\/categories?post=80100"},{"taxonomy":"post_tag","embeddable":true,"href":"https:\/\/laurbedigital.com.ar\/noticias\/wp-json\/wp\/v2\/tags?post=80100"}],"curies":[{"name":"wp","href":"https:\/\/api.w.org\/{rel}","templated":true}]}}