{"id":79787,"date":"2022-07-26T15:14:29","date_gmt":"2022-07-26T18:14:29","guid":{"rendered":"https:\/\/laurbedigital.com.ar\/noticias\/?p=79787"},"modified":"2022-07-26T15:15:56","modified_gmt":"2022-07-26T18:15:56","slug":"emotiva-entrega-de-lentes-a-alumnos-de-escuelas-primarias-de-alte-brown","status":"publish","type":"post","link":"https:\/\/laurbedigital.com.ar\/noticias\/2022\/07\/26\/emotiva-entrega-de-lentes-a-alumnos-de-escuelas-primarias-de-alte-brown\/","title":{"rendered":"Emotiva entrega de lentes a alumnos de escuelas primarias de Alte Brown"},"content":{"rendered":"<h5 dir=\"ltr\"><\/h5>\n<h5 dir=\"ltr\">El intendente interino de Almirante Brown, Juan Fabiani, encabez\u00f3 una nueva entrega de anteojos en la Escuela Primaria N\u00b0 65, de San Francisco de As\u00eds, en el marco del programa \u201cNi\u00f1os a la vista\u201d, junto a estudiantes de distintos establecimientos educativos de nuestro distrito.<\/h5>\n<p dir=\"ltr\">La actividad se llev\u00f3 adelante en la escuela ubicada en la Manzana 7, entre las calles 26 y 9, donde se realiz\u00f3 la entrega de lentes a 54 alumnos y alumnas pertenecientes a los establecimientos primarios N\u00b041, N\u00b065, N\u00b068, N\u00b070 y N\u00b075 de Almirante Brown.<\/p>\n<p><strong>\u201cDesde el inicio de la gesti\u00f3n de Mariano (Cascallares) en 2015 fijamos como prioridad darle un fuerte impulso la educaci\u00f3n p\u00fablica en el distrito. Sin dudas tener mejores condiciones a la hora de estudiar es trascendental para ese camino y la entrega de estos anteojos a estudiantes que lo necesitan es sin\u00f3nimo de ese trabajo tan importante que fortalecemos cada d\u00eda\u201d, apunt\u00f3 Fabiani.<\/strong><\/p>\n<p><img loading=\"lazy\" decoding=\"async\" class=\"alignnone size-large wp-image-79788\" src=\"https:\/\/laurbedigital.com.ar\/noticias\/wp-content\/uploads\/2022\/07\/anteojo1-1024x682.jpg\" alt=\"\" width=\"800\" height=\"533\" title=\"\" srcset=\"https:\/\/laurbedigital.com.ar\/noticias\/wp-content\/uploads\/2022\/07\/anteojo1-1024x682.jpg 1024w, https:\/\/laurbedigital.com.ar\/noticias\/wp-content\/uploads\/2022\/07\/anteojo1-300x200.jpg 300w, https:\/\/laurbedigital.com.ar\/noticias\/wp-content\/uploads\/2022\/07\/anteojo1-768x512.jpg 768w, https:\/\/laurbedigital.com.ar\/noticias\/wp-content\/uploads\/2022\/07\/anteojo1-1536x1023.jpg 1536w, https:\/\/laurbedigital.com.ar\/noticias\/wp-content\/uploads\/2022\/07\/anteojo1.jpg 1600w\" sizes=\"auto, (max-width: 800px) 100vw, 800px\" \/><\/p>\n<p>Este programa es importante porque las alteraciones visuales pueden ocasionar perjuicios en el aprendizaje y la socializaci\u00f3n de los ni\u00f1os, pudiendo llegar a ser causa de fracaso escolar. Por tal motivo, una detecci\u00f3n y tratamiento tempranos de los defectos visuales son necesarios para evitar problemas que afecten el desarrollo del sistema visual y conduzcan a trastornos del aprendizaje.<\/p>\n<p>En este sentido, un equipo de salud del Municipio visita todos los primeros y segundos grados de las escuelas primarias estatales para realizar evaluaciones de agudeza visual y en caso de que haya j\u00f3venes que necesiten anteojos, la Comuna los confecciona a gusto del estudiante.<\/p>\n<p><img loading=\"lazy\" decoding=\"async\" class=\"alignnone size-large wp-image-79789\" src=\"https:\/\/laurbedigital.com.ar\/noticias\/wp-content\/uploads\/2022\/07\/anteojo2-1024x683.jpg\" alt=\"\" width=\"800\" height=\"534\" title=\"\" srcset=\"https:\/\/laurbedigital.com.ar\/noticias\/wp-content\/uploads\/2022\/07\/anteojo2-1024x683.jpg 1024w, https:\/\/laurbedigital.com.ar\/noticias\/wp-content\/uploads\/2022\/07\/anteojo2-300x200.jpg 300w, https:\/\/laurbedigital.com.ar\/noticias\/wp-content\/uploads\/2022\/07\/anteojo2-768x512.jpg 768w, https:\/\/laurbedigital.com.ar\/noticias\/wp-content\/uploads\/2022\/07\/anteojo2-1536x1024.jpg 1536w, https:\/\/laurbedigital.com.ar\/noticias\/wp-content\/uploads\/2022\/07\/anteojo2.jpg 1600w\" sizes=\"auto, (max-width: 800px) 100vw, 800px\" \/><\/p>\n<p><strong>Mariano Cascallares indic\u00f3 que \u00abcon este programa ya entregamos miles de anteojos a alumnos de escuelas brownianas. Gracias a esta pol\u00edtica p\u00fablica ya pueden leer, jugar, aprender y tener una mejor calidad de vida\u00bb, a\u00f1adi\u00f3.<\/strong><\/p>\n<p>De la jornada particip\u00f3 la directora de la Escuela Primaria N\u00b065, Lorena Lidano; la presidenta del Consejo Escolar, Mar\u00eda Marta Silva; el secretario de Educaci\u00f3n, Ciencia y Tecnolog\u00eda, Sergio Pianciola; el secretario de Salud, Walter G\u00f3mez, y la delegada municipal de San Francisco de As\u00eds, Mabel Klehb, entre otras autoridades.<\/p>\n<p dir=\"ltr\">\n","protected":false},"excerpt":{"rendered":"<p>El intendente interino de Almirante Brown, Juan Fabiani, encabez\u00f3 una nueva entrega de anteojos en la Escuela Primaria N\u00b0 65,<\/p>\n","protected":false},"author":1,"featured_media":79791,"comment_status":"closed","ping_status":"closed","sticky":false,"template":"","format":"standard","meta":{"kia_subtitle":"","footnotes":"","jetpack_publicize_message":"Emotiva entrega de lentes a alumnos de escuelas primarias de Alte Brown","jetpack_publicize_feature_enabled":true,"jetpack_social_post_already_shared":true,"jetpack_social_options":{"image_generator_settings":{"template":"highway","default_image_id":0,"font":"","enabled":false},"version":2}},"categories":[2,33],"tags":[],"class_list":["post-79787","post","type-post","status-publish","format-standard","has-post-thumbnail","hentry","category-alte-brown","category-alte-brown-alte-brown"],"jetpack_publicize_connections":[],"jetpack_featured_media_url":"https:\/\/laurbedigital.com.ar\/noticias\/wp-content\/uploads\/2022\/07\/20220726-Brown-amteojos.jpg","_links":{"self":[{"href":"https:\/\/laurbedigital.com.ar\/noticias\/wp-json\/wp\/v2\/posts\/79787","targetHints":{"allow":["GET"]}}],"collection":[{"href":"https:\/\/laurbedigital.com.ar\/noticias\/wp-json\/wp\/v2\/posts"}],"about":[{"href":"https:\/\/laurbedigital.com.ar\/noticias\/wp-json\/wp\/v2\/types\/post"}],"author":[{"embeddable":true,"href":"https:\/\/laurbedigital.com.ar\/noticias\/wp-json\/wp\/v2\/users\/1"}],"replies":[{"embeddable":true,"href":"https:\/\/laurbedigital.com.ar\/noticias\/wp-json\/wp\/v2\/comments?post=79787"}],"version-history":[{"count":3,"href":"https:\/\/laurbedigital.com.ar\/noticias\/wp-json\/wp\/v2\/posts\/79787\/revisions"}],"predecessor-version":[{"id":79793,"href":"https:\/\/laurbedigital.com.ar\/noticias\/wp-json\/wp\/v2\/posts\/79787\/revisions\/79793"}],"wp:featuredmedia":[{"embeddable":true,"href":"https:\/\/laurbedigital.com.ar\/noticias\/wp-json\/wp\/v2\/media\/79791"}],"wp:attachment":[{"href":"https:\/\/laurbedigital.com.ar\/noticias\/wp-json\/wp\/v2\/media?parent=79787"}],"wp:term":[{"taxonomy":"category","embeddable":true,"href":"https:\/\/laurbedigital.com.ar\/noticias\/wp-json\/wp\/v2\/categories?post=79787"},{"taxonomy":"post_tag","embeddable":true,"href":"https:\/\/laurbedigital.com.ar\/noticias\/wp-json\/wp\/v2\/tags?post=79787"}],"curies":[{"name":"wp","href":"https:\/\/api.w.org\/{rel}","templated":true}]}}