{"id":79745,"date":"2022-07-25T20:44:29","date_gmt":"2022-07-25T23:44:29","guid":{"rendered":"https:\/\/laurbedigital.com.ar\/noticias\/?p=79745"},"modified":"2022-07-25T20:46:02","modified_gmt":"2022-07-25T23:46:02","slug":"ya-son-24-mil-los-bonaerenses-que-se-pre-inscribieron-en-el-programa-de-creditos-buenos-aires-crea","status":"publish","type":"post","link":"https:\/\/laurbedigital.com.ar\/noticias\/2022\/07\/25\/ya-son-24-mil-los-bonaerenses-que-se-pre-inscribieron-en-el-programa-de-creditos-buenos-aires-crea\/","title":{"rendered":"Ya son 24 mil los bonaerenses que se pre-inscribieron en el programa de cr\u00e9ditos Buenos Aires CREA"},"content":{"rendered":"<p>&nbsp;<\/p>\n<h5>En un acto encabezado por el Gobernador\u00a0junto\u00a0Magario y Simone, se presentaron los detalles de los nuevos cr\u00e9ditos para refacci\u00f3n y ampliaci\u00f3n de viviendas.<\/h5>\n<p>El gobernador Axel Kicillof encabez\u00f3 esta tarde la presentaci\u00f3n del programa Buenos Aires CREA a municipios del conurbano bonaerense que integran la primera y la tercera secci\u00f3n electoral. Fue en el Sal\u00f3n Dorado de la Casa de Gobierno, junto a la vicegobernadora Ver\u00f3nica Magario y el ministro de H\u00e1bitat y Desarrollo Urbano, Agust\u00edn Simone, y la participaci\u00f3n de 16 intendentes e intendentas.<\/p>\n<p><strong>\u201cEl d\u00e9ficit habitacional de la Provincia alcanza a cerca de 1,8 millones de familias que tienen dificultades para acceder a una vivienda o que sufren carencias vinculadas a la infraestructura de sus hogares\u201d, explic\u00f3 Kicillof y agreg\u00f3: \u201cEl Instituto de la Vivienda est\u00e1 construyendo 8 mil casas nuevas y ahora, a partir del programa Buenos Aires CREA, empieza a enfocarse tambi\u00e9n en la ampliaci\u00f3n y el mejoramiento de las viviendas\u201d.<\/strong><\/p>\n<p>Buenos Aires CREA brinda cr\u00e9ditos accesibles para la reparaci\u00f3n y ampliaci\u00f3n de viviendas. Este a\u00f1o se invertir\u00e1n 20 mil millones de pesos para otorgar hasta 50 mil pr\u00e9stamos, dentro de los cuales se priorizar\u00e1n obras de arreglos de pisos, paredes y techos; construcci\u00f3n de ba\u00f1os y cocinas; ampliaci\u00f3n de habitaciones; instalaciones adaptadas para personas con discapacidad; y uso m\u00e1s eficiente de la energ\u00eda.<\/p>\n<p>Adem\u00e1s, el Gobernador resalt\u00f3 que \u201chemos establecido un m\u00e9todo de ajuste de los cr\u00e9ditos que establece un techo para que el valor de las cuotas se actualice siempre por debajo del aumento de los salarios\u201d. \u201cCon cuotas que hoy van entre los 5 mil y los 10 mil pesos, se trata de un cr\u00e9dito accesible con el prop\u00f3sito de mejorar las condiciones de vida de los y las bonaerenses\u201d, subray\u00f3.<\/p>\n<p>Los montos de los cr\u00e9ditos se determinar\u00e1n en Unidades de Vivienda (UVIS), se liquidar\u00e1n en pesos y tendr\u00e1n una actualizaci\u00f3n del capital por coeficiente HogarBA, estableciendo que la cuota no supere el 25% de los ingresos mensuales del beneficiario. El programa contar\u00e1 con tres l\u00edneas: refacciones menores, con montos hasta 185 mil pesos y repago en 36 cuotas mensuales; refacciones mayores, que asciende hasta los 370 mil pesos y su devoluci\u00f3n ser\u00e1 en 72 cuotas mensuales; y ampliaciones, con tope en 740 mil pesos y repago en 72 cuotas mensuales.<\/p>\n<p>En tanto,<strong> Simone valor\u00f3: \u201cCon Buenos Aires CREA estamos impulsando una pol\u00edtica p\u00fablica que aborde la problem\u00e1tica del h\u00e1bitat y garantice el financiamiento accesible para que las familias puedan reparar o ampliar sus viviendas\u201d. \u201cEste programa tambi\u00e9n est\u00e1 orientado a fomentar la generaci\u00f3n de mano de obra en los barrios, fortaleciendo toda la cadena de actividades vinculadas a la construcci\u00f3n en cada uno de los municipios\u201d, dijo.<\/strong><\/p>\n<p><strong>Asimismo, Kicillof se\u00f1al\u00f3 que \u201ces muy importante integrar a los municipios, ya que son las y los intendentes quienes mejor conocen las necesidades de cada territorio y quienes pueden asesorar a todas las familias que necesiten ayuda para inscribirse\u201d. En esta oportunidad, adhirieron los intendentes de Almirante Brown, Juan Jos\u00e9 Fabiani; de Avellaneda, Alejo Chornobroff; de Berazategui, Juan Jos\u00e9 Mussi; de Berisso, Fabi\u00e1n Cagliardi; de Ensenada, Mario Secco; de Escobar, Alberto Ramil; de Florencio Varela, Andr\u00e9s Watson; de General Las Heras, Javier Osuna; de Mercedes, Juan Ustarroz, de Mor\u00f3n, Lucas Ghi; de Navarro, Facundo Diz; de Pilar, Federico Ach\u00e1val; de San Vicente, Nicol\u00e1s Mantegazza; y las intendentas de Merlo, Karina Men\u00e9ndez; \u00a0de Presidente Per\u00f3n, Blanca Cantero; de Quilmes, Mayra Mendoza.<\/strong><\/p>\n<p>Desde su presentaci\u00f3n la semana pasada, ya se pre inscribieron m\u00e1s de 24 mil bonaerenses, quienes se anotaron a trav\u00e9s del sitio buenosairescrea.gba.gob.ar. Entre los requisitos, se establece que quien solicite el cr\u00e9dito deber\u00e1 vivir en la vivienda que se pretende refaccionar; demostrar ingresos de entre uno y cinco salarios m\u00ednimos; y ser propietario de una vivienda familiar \u00fanica.<\/p>\n<p><strong>Por \u00faltimo, Kicillof indic\u00f3: \u201cCon estas obras de viviendas contribuiremos tambi\u00e9n a apuntalar la actividad en cada uno de los barrios y a sostener la reactivaci\u00f3n de la econom\u00eda\u201d. \u201cBuenos Aires CREA es un programa que reconoce un derecho y permite dar respuesta a una necesidad que es urgente\u201d, sostuvo y concluy\u00f3: \u201cA 70 a\u00f1os del fallecimi<\/strong>ento de Eva Per\u00f3n, el mejor homenaje que podemos hacerle es seguir trabajando por el bienestar de nuestro pueblo\u201d.<\/p>\n<p>Participaron tambi\u00e9n la ministra de Gobierno, Cristina \u00c1lvarez Rodr\u00edguez; la presidenta del Instituto Cultural de la Provincia, Florencia Saintout; la directora Ejecutiva del Organismo Provincial de Integraci\u00f3n Social y Urbana (OPISU), Romina Barrios; el administrador general del Instituto de la Vivienda, Diego Men\u00e9ndez; la diputada nacional Victoria Tolosa Paz; la diputada bonaerense Luc\u00eda Ia\u00f1ez; y los legisladores provinciales Ariel Archanco, Juan Mart\u00edn Malpeli y Jos\u00e9 Ignacio Rossi.<\/p>\n","protected":false},"excerpt":{"rendered":"<p>&nbsp; En un acto encabezado por el Gobernador\u00a0junto\u00a0Magario y Simone, se presentaron los detalles de los nuevos cr\u00e9ditos para refacci\u00f3n<\/p>\n","protected":false},"author":1,"featured_media":79746,"comment_status":"closed","ping_status":"closed","sticky":false,"template":"","format":"standard","meta":{"kia_subtitle":"","footnotes":"","jetpack_publicize_message":"Ya son 24 mil los bonaerenses que se pre-inscribieron en el programa de cr\u00e9ditos Buenos Aires CREA","jetpack_publicize_feature_enabled":true,"jetpack_social_post_already_shared":true,"jetpack_social_options":{"image_generator_settings":{"template":"highway","default_image_id":0,"font":"","enabled":false},"version":2}},"categories":[3,56],"tags":[],"class_list":["post-79745","post","type-post","status-publish","format-standard","has-post-thumbnail","hentry","category-actualidad","category-buenos-aires"],"jetpack_publicize_connections":[],"jetpack_featured_media_url":"https:\/\/laurbedigital.com.ar\/noticias\/wp-content\/uploads\/2022\/07\/20220726-kicillof.jpg","_links":{"self":[{"href":"https:\/\/laurbedigital.com.ar\/noticias\/wp-json\/wp\/v2\/posts\/79745","targetHints":{"allow":["GET"]}}],"collection":[{"href":"https:\/\/laurbedigital.com.ar\/noticias\/wp-json\/wp\/v2\/posts"}],"about":[{"href":"https:\/\/laurbedigital.com.ar\/noticias\/wp-json\/wp\/v2\/types\/post"}],"author":[{"embeddable":true,"href":"https:\/\/laurbedigital.com.ar\/noticias\/wp-json\/wp\/v2\/users\/1"}],"replies":[{"embeddable":true,"href":"https:\/\/laurbedigital.com.ar\/noticias\/wp-json\/wp\/v2\/comments?post=79745"}],"version-history":[{"count":3,"href":"https:\/\/laurbedigital.com.ar\/noticias\/wp-json\/wp\/v2\/posts\/79745\/revisions"}],"predecessor-version":[{"id":79749,"href":"https:\/\/laurbedigital.com.ar\/noticias\/wp-json\/wp\/v2\/posts\/79745\/revisions\/79749"}],"wp:featuredmedia":[{"embeddable":true,"href":"https:\/\/laurbedigital.com.ar\/noticias\/wp-json\/wp\/v2\/media\/79746"}],"wp:attachment":[{"href":"https:\/\/laurbedigital.com.ar\/noticias\/wp-json\/wp\/v2\/media?parent=79745"}],"wp:term":[{"taxonomy":"category","embeddable":true,"href":"https:\/\/laurbedigital.com.ar\/noticias\/wp-json\/wp\/v2\/categories?post=79745"},{"taxonomy":"post_tag","embeddable":true,"href":"https:\/\/laurbedigital.com.ar\/noticias\/wp-json\/wp\/v2\/tags?post=79745"}],"curies":[{"name":"wp","href":"https:\/\/api.w.org\/{rel}","templated":true}]}}