{"id":79571,"date":"2022-07-22T13:53:07","date_gmt":"2022-07-22T16:53:07","guid":{"rendered":"https:\/\/laurbedigital.com.ar\/noticias\/?p=79571"},"modified":"2022-07-22T13:53:23","modified_gmt":"2022-07-22T16:53:23","slug":"fin-de-semana-con-food-trucks-muestra-de-comics-y-jornada-de-freestyle-en-brown","status":"publish","type":"post","link":"https:\/\/laurbedigital.com.ar\/noticias\/2022\/07\/22\/fin-de-semana-con-food-trucks-muestra-de-comics-y-jornada-de-freestyle-en-brown\/","title":{"rendered":"Fin de semana con food trucks, muestra de c\u00f3mics y jornada de freestyle en Brown"},"content":{"rendered":"<h5 dir=\"ltr\"><\/h5>\n<h5 dir=\"ltr\">El Municipio de Almirante Brown llevar\u00e1 adelante este viernes 22, s\u00e1bado 23 y domingo 24 de julio una gran cantidad de actividades para toda la familia que incluir\u00e1n la presencia de Food Trucks en la Plaza Brown, una muestra de c\u00f3mics e historietas en el centro de Adrogu\u00e9 y jornadas de freestyle en Rafael Calzada.<\/h5>\n<p dir=\"ltr\">Desde la gesti\u00f3n del intendente interino Juan Fabiani precisaron que los Food Trucks estar\u00e1n presentes en el marco del \u201cFestival Brown a Cielo Abierto\u201d, que incluir\u00e1 juegos y entretenimientos adem\u00e1s de una gran variedad de propuestas gastron\u00f3micas en la Plaza Brown.<\/p>\n<p>De acuerdo con lo informado por la Secretar\u00eda de Producci\u00f3n, Empleo y Formaci\u00f3n Profesional de la Comuna, el festival arrancar\u00e1 este jueves, a las 17 horas, y funcionar\u00e1 hasta la medianoche. En tanto que el viernes 22, el s\u00e1bado 23 y el domingo 24, las actividades dar\u00e1n comienzo a las 12 y continuar\u00e1n hasta las 24.<\/p>\n<p>La iniciativa incluye la presentaci\u00f3n musical del grupo infantil \u00abCabeza de Alfajor\u00bb, el s\u00e1bado desde las 14, y del variet\u00e9 \u201cFalsxs Criollxs\u201d, el domingo a las 17.30 horas.<\/p>\n<p><img loading=\"lazy\" decoding=\"async\" class=\"alignnone size-large wp-image-79565\" src=\"https:\/\/laurbedigital.com.ar\/noticias\/wp-content\/uploads\/2022\/07\/paf3-1024x768.jpg\" alt=\"\" width=\"800\" height=\"600\" title=\"\" srcset=\"https:\/\/laurbedigital.com.ar\/noticias\/wp-content\/uploads\/2022\/07\/paf3-1024x768.jpg 1024w, https:\/\/laurbedigital.com.ar\/noticias\/wp-content\/uploads\/2022\/07\/paf3-300x225.jpg 300w, https:\/\/laurbedigital.com.ar\/noticias\/wp-content\/uploads\/2022\/07\/paf3-768x576.jpg 768w, https:\/\/laurbedigital.com.ar\/noticias\/wp-content\/uploads\/2022\/07\/paf3-1536x1152.jpg 1536w, https:\/\/laurbedigital.com.ar\/noticias\/wp-content\/uploads\/2022\/07\/paf3-2048x1536.jpg 2048w\" sizes=\"auto, (max-width: 800px) 100vw, 800px\" \/><\/p>\n<p><strong>\u201cInvitamos a nuestros vecinos y vecinas a pasar un fin de semana repleto de actividades libres y gratuitas para todas las edades, con propuestas gastron\u00f3micas pero tambi\u00e9n culturales, aprovechando la v\u00edspera del D\u00eda del Amigo y las vacaciones de invierno\u201d, sostuvo Mariano Cascallares.<\/strong><\/p>\n<p>Por otra parte, el domingo 24, se llevar\u00e1 adelante tambi\u00e9n la \u00abPAF C\u00f3mics\u00bb de 11 a 18 horas en la Casa de la Cultura, situada en Esteban Adrogu\u00e9 1224, la cual incluir\u00e1 una muestra con c\u00f3mics e historietas, shows con canciones de dibujos animados, cine y series; un concurso de dibujo, un paseo de compra con m\u00e1s de 50 artesanos y la presencia de m\u00e1s de 50 cosplayers.<\/p>\n<p>Desde el Instituto Municipal de las Culturas precisaron que tambi\u00e9n habr\u00e1 un espacio solidario del programa solidario municipal Causa Com\u00fan Brown en el que se podr\u00e1n donar juguetes o golosinas.<\/p>\n<p>Por \u00faltimo, tambi\u00e9n el domingo 24 se llevar\u00e1 a cabo la tercera fecha de freestyle \u00abCircuito Brown\u00bb en la estaci\u00f3n de Rafael Calzada. Las inscripciones iniciar\u00e1n a las 15.30 y los filtros comenzar\u00e1n a las 16 horas. Cabe destacar que los primeros tres puestos de la jornada clasificaron al Abierto de Freestyle de Almirante Brown.<\/p>\n<p dir=\"ltr\">\n","protected":false},"excerpt":{"rendered":"<p>El Municipio de Almirante Brown llevar\u00e1 adelante este viernes 22, s\u00e1bado 23 y domingo 24 de julio una gran cantidad<\/p>\n","protected":false},"author":1,"featured_media":79572,"comment_status":"closed","ping_status":"closed","sticky":false,"template":"","format":"standard","meta":{"kia_subtitle":"","footnotes":"","jetpack_publicize_message":"Fin de semana con food trucks, muestra de c\u00f3mics y jornada de freestyle en Brown","jetpack_publicize_feature_enabled":true,"jetpack_social_post_already_shared":true,"jetpack_social_options":{"image_generator_settings":{"template":"highway","default_image_id":0,"font":"","enabled":false},"version":2}},"categories":[2,33],"tags":[],"class_list":["post-79571","post","type-post","status-publish","format-standard","has-post-thumbnail","hentry","category-alte-brown","category-alte-brown-alte-brown"],"jetpack_publicize_connections":[],"jetpack_featured_media_url":"https:\/\/laurbedigital.com.ar\/noticias\/wp-content\/uploads\/2022\/07\/20220722-Brown-foodtruck.jpg","_links":{"self":[{"href":"https:\/\/laurbedigital.com.ar\/noticias\/wp-json\/wp\/v2\/posts\/79571","targetHints":{"allow":["GET"]}}],"collection":[{"href":"https:\/\/laurbedigital.com.ar\/noticias\/wp-json\/wp\/v2\/posts"}],"about":[{"href":"https:\/\/laurbedigital.com.ar\/noticias\/wp-json\/wp\/v2\/types\/post"}],"author":[{"embeddable":true,"href":"https:\/\/laurbedigital.com.ar\/noticias\/wp-json\/wp\/v2\/users\/1"}],"replies":[{"embeddable":true,"href":"https:\/\/laurbedigital.com.ar\/noticias\/wp-json\/wp\/v2\/comments?post=79571"}],"version-history":[{"count":3,"href":"https:\/\/laurbedigital.com.ar\/noticias\/wp-json\/wp\/v2\/posts\/79571\/revisions"}],"predecessor-version":[{"id":79575,"href":"https:\/\/laurbedigital.com.ar\/noticias\/wp-json\/wp\/v2\/posts\/79571\/revisions\/79575"}],"wp:featuredmedia":[{"embeddable":true,"href":"https:\/\/laurbedigital.com.ar\/noticias\/wp-json\/wp\/v2\/media\/79572"}],"wp:attachment":[{"href":"https:\/\/laurbedigital.com.ar\/noticias\/wp-json\/wp\/v2\/media?parent=79571"}],"wp:term":[{"taxonomy":"category","embeddable":true,"href":"https:\/\/laurbedigital.com.ar\/noticias\/wp-json\/wp\/v2\/categories?post=79571"},{"taxonomy":"post_tag","embeddable":true,"href":"https:\/\/laurbedigital.com.ar\/noticias\/wp-json\/wp\/v2\/tags?post=79571"}],"curies":[{"name":"wp","href":"https:\/\/api.w.org\/{rel}","templated":true}]}}