{"id":79380,"date":"2022-07-19T09:08:48","date_gmt":"2022-07-19T12:08:48","guid":{"rendered":"https:\/\/laurbedigital.com.ar\/noticias\/?p=79380"},"modified":"2022-07-18T20:46:02","modified_gmt":"2022-07-18T23:46:02","slug":"violencia-vial-y-de-genero-le-quitaron-el-carnet-por-agredir-a-una-conductora","status":"publish","type":"post","link":"https:\/\/laurbedigital.com.ar\/noticias\/2022\/07\/19\/violencia-vial-y-de-genero-le-quitaron-el-carnet-por-agredir-a-una-conductora\/","title":{"rendered":"Violencia vial y de g\u00e9nero: le quitaron el carnet por agredir a una conductora"},"content":{"rendered":"<p>&nbsp;<\/p>\n<h5>Ocurri\u00f3 en Catamarca. La Agencia Nacional de Seguridad Vial (ANSV) suspendi\u00f3 a un conductor por perseguir, insultar y golpear el auto de una mujer.<\/h5>\n<p><strong>La Agencia Nacional de Seguridad Vial (ANSV) suspendi\u00f3 a un conductor catamarque\u00f1o por perseguir, insultar y golpear un auto conducido por una mujer<\/strong>, informaron fuentes oficiales.<\/p>\n<p>El organismo suspendi\u00f3 a un conductor por un hecho de<strong>\u00a0violencia vial y de g\u00e9nero<\/strong>\u00a0que sucedi\u00f3 en la provincia de\u00a0<strong>Catamarca<\/strong>, donde un hombre persigui\u00f3, insult\u00f3 y pate\u00f3 un auto conducido por una mujer y seg\u00fan testigos,\u00a0<strong>el conductor se enoj\u00f3 por un roce entre ambos veh\u00edculos<\/strong>.<\/p>\n<p>En un comunicado de prensa, desde el organismo explicaron que \u201cal conocer el hecho, la Agencia Nacional de Seguridad Vial (ANSV) -organismo del Ministerio de Transporte- y las autoridades locales decidieron conjuntamente suspender al conductor por su accionar violento\u201d.<\/p>\n<h4><strong>Un curso de perspectiva de g\u00e9nero para sacar el carnet<\/strong><\/h4>\n<p>Tambi\u00e9n indicaron que \u201cahora\u00a0<strong>tendr\u00e1 que someterse a un examen psicof\u00edsico que determine si es apto para conducir un veh\u00edculo y tambi\u00e9n deber\u00e1 realizar una capacitaci\u00f3n con perspectiva de g\u00e9nero<\/strong>\u201d.<\/p>\n<p>Por su parte, el director ejecutivo de la Agencia Nacional de Seguridad Vial,\u00a0<strong>Pablo Mart\u00ednez Carignano<\/strong>, manifest\u00f3 que<strong>\u00a0van \u00aba ser inflexibles con este tipo de personas que reaccionan as\u00ed en la v\u00eda p\u00fablica<\/strong>. Este hombre fue suspendido por violento, agravado por tratarse de violencia hacia una mujer\u201d, expres\u00f3.<\/p>\n<p>En esta l\u00ednea, Mart\u00ednez Carignano destac\u00f3 que \u201c<strong>es un caso que ejemplifica la decisi\u00f3n de la ANSV de implementar el m\u00f3dulo con perspectiva de g\u00e9nero para obtener la licencia de conducir.<\/strong>\u00a0El conductor ahora tendr\u00e1 que hacer esta capacitaci\u00f3n para aprender y reflexionar sobre sus hechos\u00bb, asegur\u00f3.<\/p>\n<p><strong>Este caso es similar al ocurrido hace poco m\u00e1s de una semana en el Acceso Oeste, donde un hombre golpe\u00f3 a una mujer luego de un siniestro vial leve. El responsable tambi\u00e9n fue suspendido por la ANSV.<\/strong><\/p>\n<p>Es importante recordar que para obtener la Licencia Nacional de Conducir se debe realizar un curso con perspectiva de g\u00e9nero, que tiene el objetivo de concientizar y repensar las formas y h\u00e1bitos viales al circular para reducir las conductas temerarias y violentas en la v\u00eda p\u00fablica.<\/p>\n<h4><strong>L\u00ednea gratuita de la ANSV<\/strong><\/h4>\n<p>La Agencia Nacional de Seguridad Vial (ANSV) brinda a trav\u00e9s de la l\u00ednea telef\u00f3nica 149 atenci\u00f3n a las v\u00edctimas y familiares de siniestros viales de forma gratuita y con funcionamiento las 24 horas, en todo el pa\u00eds. t\u00e9lam<\/p>\n<p>&nbsp;<\/p>\n","protected":false},"excerpt":{"rendered":"<p>&nbsp; Ocurri\u00f3 en Catamarca. La Agencia Nacional de Seguridad Vial (ANSV) suspendi\u00f3 a un conductor por perseguir, insultar y golpear<\/p>\n","protected":false},"author":1,"featured_media":79369,"comment_status":"closed","ping_status":"closed","sticky":false,"template":"","format":"standard","meta":{"kia_subtitle":"","footnotes":"","jetpack_publicize_message":"Violencia vial y de g\u00e9nero: le quitaron el carnet por agredir a una conductora","jetpack_publicize_feature_enabled":true,"jetpack_social_post_already_shared":true,"jetpack_social_options":{"image_generator_settings":{"template":"highway","default_image_id":0,"font":"","enabled":false},"version":2}},"categories":[3,41],"tags":[],"class_list":["post-79380","post","type-post","status-publish","format-standard","has-post-thumbnail","hentry","category-actualidad","category-nacionales"],"jetpack_publicize_connections":[],"jetpack_featured_media_url":"https:\/\/laurbedigital.com.ar\/noticias\/wp-content\/uploads\/2022\/07\/20220718-Transito.jpg","_links":{"self":[{"href":"https:\/\/laurbedigital.com.ar\/noticias\/wp-json\/wp\/v2\/posts\/79380","targetHints":{"allow":["GET"]}}],"collection":[{"href":"https:\/\/laurbedigital.com.ar\/noticias\/wp-json\/wp\/v2\/posts"}],"about":[{"href":"https:\/\/laurbedigital.com.ar\/noticias\/wp-json\/wp\/v2\/types\/post"}],"author":[{"embeddable":true,"href":"https:\/\/laurbedigital.com.ar\/noticias\/wp-json\/wp\/v2\/users\/1"}],"replies":[{"embeddable":true,"href":"https:\/\/laurbedigital.com.ar\/noticias\/wp-json\/wp\/v2\/comments?post=79380"}],"version-history":[{"count":2,"href":"https:\/\/laurbedigital.com.ar\/noticias\/wp-json\/wp\/v2\/posts\/79380\/revisions"}],"predecessor-version":[{"id":79382,"href":"https:\/\/laurbedigital.com.ar\/noticias\/wp-json\/wp\/v2\/posts\/79380\/revisions\/79382"}],"wp:featuredmedia":[{"embeddable":true,"href":"https:\/\/laurbedigital.com.ar\/noticias\/wp-json\/wp\/v2\/media\/79369"}],"wp:attachment":[{"href":"https:\/\/laurbedigital.com.ar\/noticias\/wp-json\/wp\/v2\/media?parent=79380"}],"wp:term":[{"taxonomy":"category","embeddable":true,"href":"https:\/\/laurbedigital.com.ar\/noticias\/wp-json\/wp\/v2\/categories?post=79380"},{"taxonomy":"post_tag","embeddable":true,"href":"https:\/\/laurbedigital.com.ar\/noticias\/wp-json\/wp\/v2\/tags?post=79380"}],"curies":[{"name":"wp","href":"https:\/\/api.w.org\/{rel}","templated":true}]}}