{"id":79192,"date":"2022-07-15T16:18:19","date_gmt":"2022-07-15T19:18:19","guid":{"rendered":"https:\/\/laurbedigital.com.ar\/noticias\/?p=79192"},"modified":"2022-07-15T21:55:10","modified_gmt":"2022-07-16T00:55:10","slug":"con-mas-de-35-espectaculos-en-tres-sedes-arranca-la-agenda-de-actividades-de-vacaciones-de-invierno","status":"publish","type":"post","link":"https:\/\/laurbedigital.com.ar\/noticias\/2022\/07\/15\/con-mas-de-35-espectaculos-en-tres-sedes-arranca-la-agenda-de-actividades-de-vacaciones-de-invierno\/","title":{"rendered":"Con m\u00e1s de 35 espect\u00e1culos en tres sedes, arranca la agenda de actividades de vacaciones de invierno"},"content":{"rendered":"<h5 dir=\"ltr\"><\/h5>\n<h5 dir=\"ltr\">El Municipio de Almirante Brown, a trav\u00e9s del Instituto Municipal de las Culturas, lanz\u00f3 una amplia agenda de actividades para las vacaciones de invierno con m\u00e1s de 35 espect\u00e1culos y tres sedes para disfrutar de numerosas propuestas culturales y recreativas.<\/h5>\n<div dir=\"ltr\">\n<p>Se trata de actividades libres y gratuitas que son organizadas por la Comuna como todos los a\u00f1os en \u00e9poca del receso escolar, las cuales est\u00e1n pensadas para los m\u00e1s peque\u00f1os del hogar pero tambi\u00e9n para todo el n\u00facleo familiar.<\/p>\n<p>La agenda se extiende del 18 al 31 de julio, y se desarrollar\u00e1 en tres sedes: la Casa de la Cultura, ubicada en Esteban Adrogu\u00e9 N\u00b0 1224, Adrogu\u00e9; en La Fundaci\u00f3n Soldi, en Rafael Obligado N\u00b0 336, Glew; y en el Centro de Arte y Cultura Enrique Santos Disc\u00e9polo de Burzaco, situado en E. de Burzaco N\u00b0 740.<\/p>\n<p>Entre las actividades se encuentra la \u201cPAF C\u00f3mics\u201d, que se llevar\u00e1 adelante el domingo 24 de julio, de 11 a 18 horas, en la Casa de la Cultura y en la calle Esteban Adrogu\u00e9, la cual ser\u00e1 peatonalizada para la ocasi\u00f3n, e incluir\u00e1 actividades simult\u00e1neas vinculadas a la cultura pop y el fandom con historietistas, escritores e ilustradores.<\/p>\n<p>\u201cEstamos muy contentos porque seguimos sumando espect\u00e1culos para grandes y chicos durante las vacaciones\u201d, se\u00f1al\u00f3 el intendente interino Juan Fabiani, al tiempo que Mariano Cascallares remarc\u00f3 que \u201cel objetivo es que nuestros vecinos y vecinas accedan a interesantes propuestas y elijan al distrito para\u00a0 gozar de su tiempo libre, cerca de sus casas\u201d.<\/p>\n<p>Para m\u00e1s informaci\u00f3n, los interesados pueden ingresar al instagram oficial @institutodelasculturasbrown o al facebook: \u201cInstituto de las Culturas Brown\u201d.<\/p>\n<p><img loading=\"lazy\" decoding=\"async\" class=\"alignnone size-large wp-image-79198\" src=\"https:\/\/laurbedigital.com.ar\/noticias\/wp-content\/uploads\/2022\/07\/ciones5-1024x1024.jpg\" alt=\"\" width=\"800\" height=\"800\" title=\"\" srcset=\"https:\/\/laurbedigital.com.ar\/noticias\/wp-content\/uploads\/2022\/07\/ciones5-1024x1024.jpg 1024w, https:\/\/laurbedigital.com.ar\/noticias\/wp-content\/uploads\/2022\/07\/ciones5-300x300.jpg 300w, https:\/\/laurbedigital.com.ar\/noticias\/wp-content\/uploads\/2022\/07\/ciones5-150x150.jpg 150w, https:\/\/laurbedigital.com.ar\/noticias\/wp-content\/uploads\/2022\/07\/ciones5-768x768.jpg 768w, https:\/\/laurbedigital.com.ar\/noticias\/wp-content\/uploads\/2022\/07\/ciones5.jpg 1280w\" sizes=\"auto, (max-width: 800px) 100vw, 800px\" \/><\/p>\n<\/div>\n<div dir=\"ltr\"><\/div>\n<h4 dir=\"ltr\"><strong>AGENDA DE ACTIVIDADES<\/strong><\/h4>\n<h4><strong>Centro de Arte y Cultura de Burzaco<\/strong><\/h4>\n<p dir=\"ltr\">En el Centro de Arte y Cultura de Burzaco, los espect\u00e1culos se llevar\u00e1n adelante a partir de las 16 horas.<\/p>\n<p dir=\"ltr\">El lunes 18 de julio, llega la obra de teatro \u201cCuentos inolvidables: princesas Disney\u201d, y el martes 19, \u201cPira\u201d la payasa ambulante presentar\u00e1 su show \u201cCircumbia\u201d.<\/p>\n<p>El mi\u00e9rcoles 20, act\u00faa el Payaso Alm\u00edbar; y el jueves 21 se exhibir\u00e1 la comedia musical Princesas Disney ballet.\u00a0Para el viernes 22, en tanto, est\u00e1 prevista la presentaci\u00f3n de la obra de teatro\u00a0 \u201cM\u00e1gicas vacaciones\u201d.<\/p>\n<p>Mientras que el s\u00e1bado 23, la Familia Bachichas, presentar\u00e1\u00a0un show musical con humor y actividades para toda la familia.<\/p>\n<p>La semana del lunes 25 julio arranca con\u00a0 \u201cCuentos inolvidables: princesas Disney\u201d y contin\u00faa el martes 26 con el recital del payaso Alm\u00edbar.<\/p>\n<p>El mi\u00e9rcoles 27, vuelve \u201cPira\u201d la payasa ambulante, y el jueves 28 \u201cPrincesas Disney ballet\u201d; el viernes 29 otra vez llega el teatro con \u201cM\u00e1gicas Vacaciones\u201d, y el s\u00e1bado 30, con doble funci\u00f3n, el Grupo Diversos presenta la obra teatral \u201cYo quisiera ser el Rey\u201d, a las 17 y 20 horas.<\/p>\n<p><img loading=\"lazy\" decoding=\"async\" class=\"alignnone size-full wp-image-79196\" src=\"https:\/\/laurbedigital.com.ar\/noticias\/wp-content\/uploads\/2022\/07\/ciones1.jpg\" alt=\"\" width=\"799\" height=\"533\" title=\"\" srcset=\"https:\/\/laurbedigital.com.ar\/noticias\/wp-content\/uploads\/2022\/07\/ciones1.jpg 799w, https:\/\/laurbedigital.com.ar\/noticias\/wp-content\/uploads\/2022\/07\/ciones1-300x200.jpg 300w, https:\/\/laurbedigital.com.ar\/noticias\/wp-content\/uploads\/2022\/07\/ciones1-768x512.jpg 768w\" sizes=\"auto, (max-width: 799px) 100vw, 799px\" \/><\/p>\n<h4 dir=\"ltr\"><strong>Casa de la Cultura<\/strong><\/h4>\n<p dir=\"ltr\">En Casa de la Cultura, las actividades se desarrollar\u00e1n a partir de las 16 horas (salvo los viernes cuando arrancan a las 15), todos los d\u00edas de vacaciones incluyendo los domingos.<\/p>\n<p>El lunes 18 de julio act\u00faa el payaso Alm\u00edbar; el martes 19 se podr\u00e1 disfrutar de \u201cCuentos para jugar\u201d, y el mi\u00e9rcoles 20, se presentar\u00e1 la Compa\u00f1\u00eda de Circo \u201cCabeza de Alfajor\u00bb.<\/p>\n<p>El jueves 21 estar\u00e1 \u201cPira\u201d, la payasa ambulante; y el viernes 22, se prev\u00e9 el desarrollo, a partir de las 15, del taller de arte \u201cFabricando Monstruos\u201d, donde los m\u00e1s peque\u00f1os podr\u00e1n exhibir sus propias creaciones, y a las 16\u00a0 de la obra \u201cAventura Congelada en Arabia\u201d.<\/p>\n<p>El s\u00e1bado 23, los ni\u00f1os y ni\u00f1as podr\u00e1n deleitarse con la danza en \u201cUn Cuento y un Tango\u201d. Mientras que el domingo 24,\u00a0de 11 a 18, se llevar\u00e1 adelante la convenci\u00f3n de comics, m\u00fasica y arte \u201cPaf! Comics\u201d con espect\u00e1culos simult\u00e1neos a trav\u00e9s de la peatonalizaci\u00f3n de Esteban Adrogu\u00e9.<\/p>\n<p>Para la \u00faltima semana de vacaciones se prev\u00e9 el lunes 25 de julio, la presentaci\u00f3n de los \u201cLos Hermanos Bachichas\u201d; el martes 26, \u201cCuentos para Jugar\u00bb; el mi\u00e9rcoles 27, teatro infantil con \u201cAventura Congelada en Arabia\u201d, y el jueves 28 actuar\u00e1\u00a0 el Payaso Papelito.<\/p>\n<p>El viernes 29, a partir de las 15, se realizar\u00e1 el Taller \u201cFabricando Monstruos\u201d y a las 16 vuelven con sus aventuras \u201cLos Hermanos Bachichas\u201d.<\/p>\n<p>Por \u00faltimo, el 30 vuelve \u201cUna Aventura Congelada en Arabia\u201d y el domingo 31 de julio la Compa\u00f1\u00eda de Circo \u201cCabeza del Alfajor\u201d, cierra la agenda de vacaciones.<\/p>\n<p dir=\"ltr\"><strong><img loading=\"lazy\" decoding=\"async\" class=\"alignnone size-full wp-image-79197\" src=\"https:\/\/laurbedigital.com.ar\/noticias\/wp-content\/uploads\/2022\/07\/ciones3.jpg\" alt=\"\" width=\"799\" height=\"533\" title=\"\" srcset=\"https:\/\/laurbedigital.com.ar\/noticias\/wp-content\/uploads\/2022\/07\/ciones3.jpg 799w, https:\/\/laurbedigital.com.ar\/noticias\/wp-content\/uploads\/2022\/07\/ciones3-300x200.jpg 300w, https:\/\/laurbedigital.com.ar\/noticias\/wp-content\/uploads\/2022\/07\/ciones3-768x512.jpg 768w\" sizes=\"auto, (max-width: 799px) 100vw, 799px\" \/><\/strong><\/p>\n<h4><strong>Actividades en Fundaci\u00f3n Soldi<\/strong><\/h4>\n<p dir=\"ltr\">Finalmente, las propuestas en la Fundaci\u00f3n Soldi se extender\u00e1n de lunes a viernes, a partir de las 14 horas.<\/p>\n<p>El lunes 18 de julio, llega el show del Payaso Papelito y el martes 19, se presentar\u00e1 la Compa\u00f1\u00eda de Circo \u201cCabeza de Alfajor\u201d.<\/p>\n<p>En tanto, el mi\u00e9rcoles 20, se podr\u00e1 disfrutar de \u201cCuentos para Jugar\u201d, a cargo de narradores del distrito. El jueves 21, actuar\u00e1n \u201cLos Hermanos Bachichas\u201d en un espect\u00e1culo lleno de m\u00fasica y juegos. Y el viernes 22, \u201cPira\u201d la payasa ambulante ofrecer\u00e1 un show inolvidable.<\/p>\n<p>Por otro lado, el lunes 25, vuelve la Compa\u00f1\u00eda \u201cCabeza de Alfajor\u201d y el martes 26, llega el teatro infantil con una \u201cAventura congelada en Arabia\u201d.<\/p>\n<p>El mi\u00e9rcoles 27, se podr\u00e1 disfrutar, una vez m\u00e1s, de \u201cCuentos para Jugar\u201d. Mientras que el jueves 28, retornan \u201cLos Hermanos Bachichas\u201d con su divertido espect\u00e1culo y, finalmente, el viernes 29, vuelve a presentarse \u201cPira\u201d la payasa ambulante.<\/p>\n<div class=\"yj6qo\"><\/div>\n<div class=\"adL\"><\/div>\n<div class=\"adL\"><\/div>\n","protected":false},"excerpt":{"rendered":"<p>El Municipio de Almirante Brown, a trav\u00e9s del Instituto Municipal de las Culturas, lanz\u00f3 una amplia agenda de actividades para<\/p>\n","protected":false},"author":1,"featured_media":79194,"comment_status":"closed","ping_status":"closed","sticky":false,"template":"","format":"standard","meta":{"kia_subtitle":"","footnotes":"","jetpack_publicize_message":"","jetpack_publicize_feature_enabled":true,"jetpack_social_post_already_shared":true,"jetpack_social_options":{"image_generator_settings":{"template":"highway","default_image_id":0,"font":"","enabled":false},"version":2}},"categories":[2,33],"tags":[],"class_list":["post-79192","post","type-post","status-publish","format-standard","has-post-thumbnail","hentry","category-alte-brown","category-alte-brown-alte-brown"],"jetpack_publicize_connections":[],"jetpack_featured_media_url":"https:\/\/laurbedigital.com.ar\/noticias\/wp-content\/uploads\/2022\/07\/20220715-Brown-Vacaciones.jpg","_links":{"self":[{"href":"https:\/\/laurbedigital.com.ar\/noticias\/wp-json\/wp\/v2\/posts\/79192","targetHints":{"allow":["GET"]}}],"collection":[{"href":"https:\/\/laurbedigital.com.ar\/noticias\/wp-json\/wp\/v2\/posts"}],"about":[{"href":"https:\/\/laurbedigital.com.ar\/noticias\/wp-json\/wp\/v2\/types\/post"}],"author":[{"embeddable":true,"href":"https:\/\/laurbedigital.com.ar\/noticias\/wp-json\/wp\/v2\/users\/1"}],"replies":[{"embeddable":true,"href":"https:\/\/laurbedigital.com.ar\/noticias\/wp-json\/wp\/v2\/comments?post=79192"}],"version-history":[{"count":5,"href":"https:\/\/laurbedigital.com.ar\/noticias\/wp-json\/wp\/v2\/posts\/79192\/revisions"}],"predecessor-version":[{"id":79249,"href":"https:\/\/laurbedigital.com.ar\/noticias\/wp-json\/wp\/v2\/posts\/79192\/revisions\/79249"}],"wp:featuredmedia":[{"embeddable":true,"href":"https:\/\/laurbedigital.com.ar\/noticias\/wp-json\/wp\/v2\/media\/79194"}],"wp:attachment":[{"href":"https:\/\/laurbedigital.com.ar\/noticias\/wp-json\/wp\/v2\/media?parent=79192"}],"wp:term":[{"taxonomy":"category","embeddable":true,"href":"https:\/\/laurbedigital.com.ar\/noticias\/wp-json\/wp\/v2\/categories?post=79192"},{"taxonomy":"post_tag","embeddable":true,"href":"https:\/\/laurbedigital.com.ar\/noticias\/wp-json\/wp\/v2\/tags?post=79192"}],"curies":[{"name":"wp","href":"https:\/\/api.w.org\/{rel}","templated":true}]}}