{"id":79169,"date":"2022-07-15T09:34:37","date_gmt":"2022-07-15T12:34:37","guid":{"rendered":"https:\/\/laurbedigital.com.ar\/noticias\/?p=79169"},"modified":"2022-07-14T21:12:11","modified_gmt":"2022-07-15T00:12:11","slug":"scioli-impulso-en-brasil-un-esquema-de-pago-en-monedas-locales-para-el-comercio-bilateral","status":"publish","type":"post","link":"https:\/\/laurbedigital.com.ar\/noticias\/2022\/07\/15\/scioli-impulso-en-brasil-un-esquema-de-pago-en-monedas-locales-para-el-comercio-bilateral\/","title":{"rendered":"Scioli impuls\u00f3 en Brasil un esquema de pago en monedas locales para el comercio bilateral"},"content":{"rendered":"<p>&nbsp;<\/p>\n<h5>El ministro de Desarrollo Productivo llev\u00f3 un mensaje de certidumbre a los empresarios brasile\u00f1os, que le preguntaron sobre la marcha de la econom\u00eda argentina. Dijo que\u00a0Argentina posee \u00abproblemas coyunturales\u00bb y no estructurales con el flujo de d\u00f3lares.<\/h5>\n<p>El ministro de Desarrollo Productivo, Daniel Scioli, dijo ante los industriales brasile\u00f1os de San Pablo que\u00a0<strong>Argentina posee \u00abproblemas coyunturales\u00bb y no estructurales con el flujo de d\u00f3lares<\/strong>\u00a0que se terminar\u00e1n en agosto y que un punto central para encontrar soluciones al comercio bilateral con Brasil es fortalecer el esquema de pago en monedas locales, pesos y reales, con el respaldo de los Bancos Centrales de ambos pa\u00edses.<\/p>\n<p>El ministro recibi\u00f3 el respaldo del presidente de la Federaci\u00f3n de Industrias del estado de Sao Paulo (Fiesp), Josu\u00e9 Gomes da Silva, para interceder ante el Ministerio de Econom\u00eda de Brasil y el Banco Central brasile\u00f1o con el objetivo de hacer m\u00e1s fluido el comercio bilateral en monedas locales, reduciendo el uso de d\u00f3lares.<\/p>\n<p>Scioli llev\u00f3 un\u00a0<strong>mensaje de certidumbre para los empresarios brasile\u00f1os<\/strong>\u00a0que le preguntaron sobre la marcha de la econom\u00eda argentina, sobre todo con las regulaciones cambiarias.<\/p>\n<p>\u00abTenemos problemas coyunturales y no estructurales. No hay un problema de d\u00f3lares, de divisas, hay un problema que culmina en el mes de agosto con la necesidad de exportar energ\u00eda a precios m\u00e1s altos a partir de la guerra en Ucrania. Esto exigi\u00f3 priorizar la compra de combustibles para los hogares y las industrias\u00bb, explic\u00f3 Scioli.<\/p>\n<blockquote class=\"twitter-tweet\">\n<p dir=\"ltr\" lang=\"es\">Promovemos el comercio entre Brasil y Argentina con moneda local.<\/p>\n<p>Con el titular de la UIA, Daniel Funes de Rioja, y el presidente de <a href=\"https:\/\/twitter.com\/Fiesp?ref_src=twsrc%5Etfw\" target=\"_blank\" rel=\"noopener\">@Fiesp<\/a>, Jos\u00e9 Gomes da Silva, abordamos el fortalecimiento del esquema del sistema de moneda local para dinamizar la relaci\u00f3n comercial bilateral. <a href=\"https:\/\/t.co\/In7oavGS6K\">pic.twitter.com\/In7oavGS6K<\/a><\/p>\n<p>\u2014 Daniel Scioli &#x1f1e6;&#x1f1f7; (@danielscioli) <a href=\"https:\/\/twitter.com\/danielscioli\/status\/1547663549182271490?ref_src=twsrc%5Etfw\" target=\"_blank\" rel=\"noopener\">July 14, 2022<\/a><\/p><\/blockquote>\n<p><script async src=\"https:\/\/platform.twitter.com\/widgets.js\" charset=\"utf-8\"><\/script><\/p>\n<p>El exembajador en Brasilia realiz\u00f3 su primera visita como ministro de Desarrollo Productivo en el marco de una agenda de actividades organizada por el gobernador de Entre R\u00edos, Gustavo Bordet, con la Fiesp, el mayor conglomerado empresarial de Am\u00e9rica Latina.<\/p>\n<p>Scioli tambi\u00e9n estuvo acompa\u00f1ado por el presidente de la Uni\u00f3n Industrial Argentina (UIA), Daniel Funes de Rioja.<\/p>\n<p>En su exposici\u00f3n, el ministro afirm\u00f3 que junto con la ministra de Econom\u00eda, Silvina Batakis, y con el titular del Banco Central, Miguel Pesce, trabajan en un organigrama para atender a los sectores empresariales frente a las limitaciones cambiarias o regulatorias.<\/p>\n<p><strong>\u00abTodos los d\u00edas coordino con Batakis y Pesce la tarea para dar certidumbre para reposiciones de stocks a un d\u00f3lar que se sepa el precio.<\/strong>\u00a0Estamos trabajando en un cronograma sector por sector\u00bb, dijo Scioli y puso como ejemplo de esto al sector de autopartes y alimenticio.<\/p>\n<p>Para Scioli, \u00aba partir de la primera semana de agosto habr\u00e1 fluidez y una vuelta progresiva a la normalidad para garantizar insumos y materias primas\u00bb.<\/p>\n<p>El ministro tambi\u00e9n record\u00f3 que el mi\u00e9rcoles\u00a0<strong>dialog\u00f3 con el ministro de Econom\u00eda de Brasil, Paulo Guedes, para actualizar el sistema de comercio en reales y pesos.<\/strong><\/p>\n<p>\u00abHabl\u00e9 m\u00e1s de una hora con el ministro Guedes y un punto central de la conversaci\u00f3n fue la actualizaci\u00f3n de las transacciones con monedas locales. Hoy el arbitraje es diario y yo solicit\u00e9 que sea cada 90 d\u00edas\u201d, explic\u00f3.<\/p>\n<p>Scioli tambi\u00e9n revel\u00f3 que Guedes le pidi\u00f3 que apoye la propuesta brasile\u00f1a de reducir a\u00fan m\u00e1s la tarifa externa com\u00fan del Mercosur, para abrir el comercio extrabloque.<\/p>\n<p>\u00abGuedes dice que con las importaciones se baja la inflaci\u00f3n pero tambi\u00e9n se afectan los puestos de trabajo\u00bb, dijo Scioli al dejar expl\u00edcita la oposici\u00f3n de la Argentina a esa iniciativa.<\/p>\n<p>El anfitri\u00f3n, el presidente de la Fiesp, por su parte, respald\u00f3 el comercio en monedas locales y se comprometi\u00f3 a interceder ante las autoridades del \u00e1rea econ\u00f3mica del gobierno del presidente Jair Bolsonaro y del Banco Central.<\/p>\n<p>Apoyamos la idea del comercio entre los dos pa\u00edses en moneda local, con el apoyo, obviamente, de los bancos centrales de los dos pa\u00edses\u201d, dijo y\u00a0<strong>destac\u00f3 la figura de Scioli como \u00absolucionador de problemas\u00bb.\u00a0<\/strong>Funes de Rioja se sum\u00f3 a la iniciativa de acelerar el comercio en monedas locales.<\/p>\n<p>Pero por otra parte, Gomes, empresario textil hijo del exvicepresidente Jos\u00e9 Alencar, compa\u00f1ero de f\u00f3rmula del expresidente Luiz In\u00e1cio Lula da Silva, asegur\u00f3 que los empresarios est\u00e1n \u00abpreocupados\u00bb por las repercusiones de las medidas cambiarias en Argentina.<\/p>\n<p>\u00abNo puedo dejar de manifestar la preocupaci\u00f3n de varias empresas brasile\u00f1as especialmente por reglas que se alteran r\u00e1pidamente y perjudican a las empresas que invierten en Argentina. Las alteraciones en el mercado de cambio pueden llevar a la desaceleraci\u00f3n de la inversi\u00f3n con impacto social en la reducci\u00f3n de la plantilla de colaboradores\u00bb, dijo el titular de la Fiesp.<\/p>\n<p>Por su parte, Funes de Rioja dijo que la UIA est\u00e1 dispuesta a hacer un \u00abesfuerzo compartido con el Gobierno argentino\u00bb y que apunta a una pol\u00edtica industrial \u00abque sea una alianza estrat\u00e9gica\u00bb diferente a lo que llam\u00f3 \u00abel Mercosur burocr\u00e1tico\u00bb. t\u00e9lam<\/p>\n","protected":false},"excerpt":{"rendered":"<p>&nbsp; El ministro de Desarrollo Productivo llev\u00f3 un mensaje de certidumbre a los empresarios brasile\u00f1os, que le preguntaron sobre la<\/p>\n","protected":false},"author":1,"featured_media":79158,"comment_status":"closed","ping_status":"closed","sticky":false,"template":"","format":"standard","meta":{"kia_subtitle":"","footnotes":"","jetpack_publicize_message":"Scioli impuls\u00f3 en Brasil un esquema de pago en monedas locales para el comercio bilateral","jetpack_publicize_feature_enabled":true,"jetpack_social_post_already_shared":true,"jetpack_social_options":{"image_generator_settings":{"template":"highway","default_image_id":0,"font":"","enabled":false},"version":2}},"categories":[3,41],"tags":[],"class_list":["post-79169","post","type-post","status-publish","format-standard","has-post-thumbnail","hentry","category-actualidad","category-nacionales"],"jetpack_publicize_connections":[],"jetpack_featured_media_url":"https:\/\/laurbedigital.com.ar\/noticias\/wp-content\/uploads\/2022\/07\/20220715-Scioli.jpg","_links":{"self":[{"href":"https:\/\/laurbedigital.com.ar\/noticias\/wp-json\/wp\/v2\/posts\/79169","targetHints":{"allow":["GET"]}}],"collection":[{"href":"https:\/\/laurbedigital.com.ar\/noticias\/wp-json\/wp\/v2\/posts"}],"about":[{"href":"https:\/\/laurbedigital.com.ar\/noticias\/wp-json\/wp\/v2\/types\/post"}],"author":[{"embeddable":true,"href":"https:\/\/laurbedigital.com.ar\/noticias\/wp-json\/wp\/v2\/users\/1"}],"replies":[{"embeddable":true,"href":"https:\/\/laurbedigital.com.ar\/noticias\/wp-json\/wp\/v2\/comments?post=79169"}],"version-history":[{"count":3,"href":"https:\/\/laurbedigital.com.ar\/noticias\/wp-json\/wp\/v2\/posts\/79169\/revisions"}],"predecessor-version":[{"id":79172,"href":"https:\/\/laurbedigital.com.ar\/noticias\/wp-json\/wp\/v2\/posts\/79169\/revisions\/79172"}],"wp:featuredmedia":[{"embeddable":true,"href":"https:\/\/laurbedigital.com.ar\/noticias\/wp-json\/wp\/v2\/media\/79158"}],"wp:attachment":[{"href":"https:\/\/laurbedigital.com.ar\/noticias\/wp-json\/wp\/v2\/media?parent=79169"}],"wp:term":[{"taxonomy":"category","embeddable":true,"href":"https:\/\/laurbedigital.com.ar\/noticias\/wp-json\/wp\/v2\/categories?post=79169"},{"taxonomy":"post_tag","embeddable":true,"href":"https:\/\/laurbedigital.com.ar\/noticias\/wp-json\/wp\/v2\/tags?post=79169"}],"curies":[{"name":"wp","href":"https:\/\/api.w.org\/{rel}","templated":true}]}}