{"id":79149,"date":"2022-07-15T08:40:52","date_gmt":"2022-07-15T11:40:52","guid":{"rendered":"https:\/\/laurbedigital.com.ar\/noticias\/?p=79149"},"modified":"2022-07-14T20:45:02","modified_gmt":"2022-07-14T23:45:02","slug":"piden-duras-penas-de-prision-para-un-docente-platense-acusado-de-abuso-sexual-en-los-hornos","status":"publish","type":"post","link":"https:\/\/laurbedigital.com.ar\/noticias\/2022\/07\/15\/piden-duras-penas-de-prision-para-un-docente-platense-acusado-de-abuso-sexual-en-los-hornos\/","title":{"rendered":"Piden duras penas de prisi\u00f3n para un docente platense acusado de abuso sexual en Los Hornos"},"content":{"rendered":"<p>&nbsp;<\/p>\n<h5>La fiscal\u00eda y los abogados de las v\u00edctimas reclamaron hoy que se apliquen penas de entre 20 y 45 a\u00f1os de prisi\u00f3n al docente de m\u00fasica platense Lucas Manuel Puig, en el marco del segundo juicio oral en el que se lo acusa de abuso sexual agravado y corrupci\u00f3n de menores, informaron fuentes judiciales.<\/h5>\n<p>El primero en exponer ante el Tribunal Oral y Criminal fue el fiscal Mart\u00edn Chiorazzi, quien requiri\u00f3 una pena de 25 a\u00f1os de prisi\u00f3n para el profesor de m\u00fasica y la inmediata imputaci\u00f3n de la docente a cargo de una de las salas del jard\u00edn, Silvina Diaz, a quien consider\u00f3 coautora de los delitos de abuso sexual agravado y corrupci\u00f3n de menores.<\/p>\n<p>Para Chiorazzi qued\u00f3 probado que despu\u00e9s de las vacaciones de invierno de 2009 y hasta el inicio de clases en 2010, Puig abus\u00f3 de al menos dos alumnos de 3 y 4 a\u00f1os de edad que concurr\u00edan al turno ma\u00f1ana del Jard\u00edn de Infantes del Colegio San Benjam\u00edn, ubicado en la localidad de Los Hornos.<\/p>\n<p>Como agravantes de la pena valor\u00f3 la pluralidad de v\u00edctimas, la extensi\u00f3n de da\u00f1o causado a ellas y sus familias y la edad de los menores, y solicit\u00f3 se ordene la detenci\u00f3n de Puig, quien lleg\u00f3 a juicio en libertad.<\/p>\n<p>Los alegatos continuaron con la exposici\u00f3n del abogado Mart\u00edn Bolpe, que representa a una de las familias denunciantes, y pidi\u00f3 20 a\u00f1os de prisi\u00f3n para Puig y la imputaci\u00f3n de D\u00edaz.<\/p>\n<p>La acusaci\u00f3n se complet\u00f3 con los planteos de los abogados Flavio Gliemmo, Marcelo Bottindari y Julio Beley, todos representantes de v\u00edctimas, quienes pidieron 40 a\u00f1os de prisi\u00f3n para Puig y, en l\u00ednea con las posiciones anteriores, reclamaron que se inicie una causa contra D\u00edaz.<\/p>\n<p>La defensa t\u00e9cnica del imputado, representada por los abogados Adri\u00e1n Fern\u00e1ndez Koeing, Daniel Apaz y Gast\u00f3n Nicocia, solicit\u00f3 ante los jueces su absoluci\u00f3n y consider\u00f3 inveros\u00edmil la acusaci\u00f3n al entender que no hay elementos que acrediten que los abusos que le endilgan a Puig hayan ocurrido.<\/p>\n<p>Tras los alegatos, el sospechoso no hizo uso de su derecho a decir las \u00faltimas palabras antes de que los jueces se retiren a deliberar.<\/p>\n<p>El docente est\u00e1 acusado de \u00ababuso sexual con acceso carnal gravemente ultrajante, agravado por ser encargado de su educaci\u00f3n, en concurso ideal con corrupci\u00f3n de menores agravado por ser encargado de su educaci\u00f3n, los cuales, a su vez, concurren en forma real con abuso sexual con acceso carnal gravemente ultrajante, doblemente agravado por ser encargado de la educaci\u00f3n y por el uso de arma en concurso ideal con corrupci\u00f3n de menores, agravado por ser encargado de la educaci\u00f3n\u00bb.<\/p>\n<p>La lectura de veredicto ser\u00e1 el 30 de agosto al mediod\u00eda, seg\u00fan los dispusieron los jueces de Tribunal Oral Criminal I de La Plata, Hern\u00e1n Decastelli, Cecilia Sanucci y Ramiro Fern\u00e1ndez Lorenzo, con acuerdo de todas las partes de este segundo juicio oral.<\/p>\n<p>En el primero, Puig fue absuelto por mayor\u00eda, pero Casaci\u00f3n dict\u00f3 la nulidad y orden\u00f3 realizar un nuevo debate. t\u00e9lam<\/p>\n","protected":false},"excerpt":{"rendered":"<p>&nbsp; La fiscal\u00eda y los abogados de las v\u00edctimas reclamaron hoy que se apliquen penas de entre 20 y 45<\/p>\n","protected":false},"author":1,"featured_media":79157,"comment_status":"closed","ping_status":"closed","sticky":false,"template":"","format":"standard","meta":{"kia_subtitle":"","footnotes":"","jetpack_publicize_message":"Piden duras penas de prisi\u00f3n para un docente platense acusado de abuso sexual en Los Hornos","jetpack_publicize_feature_enabled":true,"jetpack_social_post_already_shared":true,"jetpack_social_options":{"image_generator_settings":{"template":"highway","default_image_id":0,"font":"","enabled":false},"version":2}},"categories":[8],"tags":[],"class_list":["post-79149","post","type-post","status-publish","format-standard","has-post-thumbnail","hentry","category-policiales"],"jetpack_publicize_connections":[],"jetpack_featured_media_url":"https:\/\/laurbedigital.com.ar\/noticias\/wp-content\/uploads\/2022\/07\/20220715-Puig.jpg","_links":{"self":[{"href":"https:\/\/laurbedigital.com.ar\/noticias\/wp-json\/wp\/v2\/posts\/79149","targetHints":{"allow":["GET"]}}],"collection":[{"href":"https:\/\/laurbedigital.com.ar\/noticias\/wp-json\/wp\/v2\/posts"}],"about":[{"href":"https:\/\/laurbedigital.com.ar\/noticias\/wp-json\/wp\/v2\/types\/post"}],"author":[{"embeddable":true,"href":"https:\/\/laurbedigital.com.ar\/noticias\/wp-json\/wp\/v2\/users\/1"}],"replies":[{"embeddable":true,"href":"https:\/\/laurbedigital.com.ar\/noticias\/wp-json\/wp\/v2\/comments?post=79149"}],"version-history":[{"count":2,"href":"https:\/\/laurbedigital.com.ar\/noticias\/wp-json\/wp\/v2\/posts\/79149\/revisions"}],"predecessor-version":[{"id":79163,"href":"https:\/\/laurbedigital.com.ar\/noticias\/wp-json\/wp\/v2\/posts\/79149\/revisions\/79163"}],"wp:featuredmedia":[{"embeddable":true,"href":"https:\/\/laurbedigital.com.ar\/noticias\/wp-json\/wp\/v2\/media\/79157"}],"wp:attachment":[{"href":"https:\/\/laurbedigital.com.ar\/noticias\/wp-json\/wp\/v2\/media?parent=79149"}],"wp:term":[{"taxonomy":"category","embeddable":true,"href":"https:\/\/laurbedigital.com.ar\/noticias\/wp-json\/wp\/v2\/categories?post=79149"},{"taxonomy":"post_tag","embeddable":true,"href":"https:\/\/laurbedigital.com.ar\/noticias\/wp-json\/wp\/v2\/tags?post=79149"}],"curies":[{"name":"wp","href":"https:\/\/api.w.org\/{rel}","templated":true}]}}