{"id":78912,"date":"2022-07-10T02:53:06","date_gmt":"2022-07-10T05:53:06","guid":{"rendered":"https:\/\/laurbedigital.com.ar\/noticias\/?p=78912"},"modified":"2022-07-10T03:11:17","modified_gmt":"2022-07-10T06:11:17","slug":"tiago-pzk-estreno-casa-de-chapa2","status":"publish","type":"post","link":"https:\/\/laurbedigital.com.ar\/noticias\/2022\/07\/10\/tiago-pzk-estreno-casa-de-chapa2\/","title":{"rendered":"Tiago PZK estren\u00f3 \u00abCasa de Chapa\u00bb"},"content":{"rendered":"<h4 role=\"heading\" aria-level=\"4\"><\/h4>\n<h5 class=\"mCBkyc tNxQIb ynAwRc nDgy9d\" role=\"heading\" aria-level=\"4\">Tiago PZK estren\u00f3 la primera canci\u00f3n de su \u00e1lbum debut \u00abPortales\u00bb el cual saldr\u00e1 este 21 de julio.<\/h5>\n<p>A pocos d\u00edas de haber recibido 6 nominaciones a los Premios Carlos Gardel, ser nominado a los Premios MTV Miaw y haber lanzado una de sus colaboraciones m\u00e1s importantes junto a Ozuna en \u00abNos comemos\u00bb,\u00a0Tiago PZK lanz\u00f3 \u00abCasa de chapa\u00bb.<\/p>\n<p>Esta nueva canci\u00f3n es la primera de su \u00e1lbum debut\u00a0\u00abPortales\u00bb\u00a0y\u00a0habla de su historia, de sus inicios y muestra a donde lleg\u00f3 hoy en d\u00eda con apenas 20 a\u00f1os.<\/p>\n<p><iframe loading=\"lazy\" title=\"Tiago PZK - Casa de Chapa (Video Oficial)\" src=\"https:\/\/www.youtube.com\/embed\/fxRbkU4Juq0\" width=\"696\" height=\"392\" frameborder=\"0\" allowfullscreen=\"allowfullscreen\"><\/iframe><\/p>\n<p>Portales Tour 2022\u00a0llegar\u00e1 no solo a varias provincias de Argentina, tambi\u00e9n a Uruguay, Paraguay, Per\u00fa, Colombia, Costa Rica y Chile, varias ciudades de Espa\u00f1a como Bilbao, Madrid, Barcelona, Valencia, Sevilla y m\u00e1s. Miami, New York City y Los \u00c1ngeles en Estados Unidos. Y al final de esta gira ser\u00e1 el turno de Tijuana, M\u00e9rida, Monterrey, CDMX y m\u00e1s, en M\u00e9xico.<\/p>\n<p>&nbsp;<\/p>\n","protected":false},"excerpt":{"rendered":"<p>Tiago PZK estren\u00f3 la primera canci\u00f3n de su \u00e1lbum debut \u00abPortales\u00bb el cual saldr\u00e1 este 21 de julio. A pocos<\/p>\n","protected":false},"author":1,"featured_media":78916,"comment_status":"closed","ping_status":"closed","sticky":false,"template":"","format":"standard","meta":{"kia_subtitle":"","footnotes":"","jetpack_publicize_message":"","jetpack_publicize_feature_enabled":true,"jetpack_social_post_already_shared":true,"jetpack_social_options":{"image_generator_settings":{"template":"highway","default_image_id":0,"font":"","enabled":false},"version":2}},"categories":[68],"tags":[],"class_list":["post-78912","post","type-post","status-publish","format-standard","has-post-thumbnail","hentry","category-cine-y-series"],"jetpack_publicize_connections":[],"jetpack_featured_media_url":"https:\/\/laurbedigital.com.ar\/noticias\/wp-content\/uploads\/2022\/07\/20220710-Tiago-PZK.jpg","_links":{"self":[{"href":"https:\/\/laurbedigital.com.ar\/noticias\/wp-json\/wp\/v2\/posts\/78912","targetHints":{"allow":["GET"]}}],"collection":[{"href":"https:\/\/laurbedigital.com.ar\/noticias\/wp-json\/wp\/v2\/posts"}],"about":[{"href":"https:\/\/laurbedigital.com.ar\/noticias\/wp-json\/wp\/v2\/types\/post"}],"author":[{"embeddable":true,"href":"https:\/\/laurbedigital.com.ar\/noticias\/wp-json\/wp\/v2\/users\/1"}],"replies":[{"embeddable":true,"href":"https:\/\/laurbedigital.com.ar\/noticias\/wp-json\/wp\/v2\/comments?post=78912"}],"version-history":[{"count":3,"href":"https:\/\/laurbedigital.com.ar\/noticias\/wp-json\/wp\/v2\/posts\/78912\/revisions"}],"predecessor-version":[{"id":78914,"href":"https:\/\/laurbedigital.com.ar\/noticias\/wp-json\/wp\/v2\/posts\/78912\/revisions\/78914"}],"wp:featuredmedia":[{"embeddable":true,"href":"https:\/\/laurbedigital.com.ar\/noticias\/wp-json\/wp\/v2\/media\/78916"}],"wp:attachment":[{"href":"https:\/\/laurbedigital.com.ar\/noticias\/wp-json\/wp\/v2\/media?parent=78912"}],"wp:term":[{"taxonomy":"category","embeddable":true,"href":"https:\/\/laurbedigital.com.ar\/noticias\/wp-json\/wp\/v2\/categories?post=78912"},{"taxonomy":"post_tag","embeddable":true,"href":"https:\/\/laurbedigital.com.ar\/noticias\/wp-json\/wp\/v2\/tags?post=78912"}],"curies":[{"name":"wp","href":"https:\/\/api.w.org\/{rel}","templated":true}]}}