{"id":78452,"date":"2022-07-01T07:00:54","date_gmt":"2022-07-01T10:00:54","guid":{"rendered":"https:\/\/laurbedigital.com.ar\/noticias\/?p=78452"},"modified":"2022-06-30T19:50:30","modified_gmt":"2022-06-30T22:50:30","slug":"lopez-el-aumento-en-la-actividad-economica-se-refleja-en-menores-tasas-de-desempleo","status":"publish","type":"post","link":"https:\/\/laurbedigital.com.ar\/noticias\/2022\/07\/01\/lopez-el-aumento-en-la-actividad-economica-se-refleja-en-menores-tasas-de-desempleo\/","title":{"rendered":"L\u00f3pez: \u201cEl aumento en la actividad econ\u00f3mica se refleja en menores tasas de desempleo\u201d"},"content":{"rendered":"<p>&nbsp;<\/p>\n<h5 class=\"font-400\">Adem\u00e1s, destac\u00f3 que la desocupaci\u00f3n <strong>\u00abalcanz\u00f3 el nivel m\u00e1s bajo desde 2016\u00bb.<\/strong><\/h5>\n<p>El ministro de Hacienda y Finanzas bonaerense, Pablo L\u00f3pez, afirm\u00f3 hoy que \u00abel aumento en la actividad econ\u00f3mica se refleja en menores tasas de desempleo\u00bb y remarc\u00f3 que la desocupaci\u00f3n \u00abalcanz\u00f3 el nivel m\u00e1s bajo desde 2016\u00bb.<\/p>\n<p>Al compartir datos econ\u00f3micos de la provincia de Buenos Aires, L\u00f3pez cit\u00f3 que \u00abla actividad creci\u00f3 6% en el 1\u00b0 trimestre; el desempleo alcanz\u00f3 el nivel + bajo desde 2016 (7.7%; 1\u00b0T 2022); las ventas en supermercados registraron mejor abril en 4 a\u00f1os y las exportaciones acumuladas a abril son r\u00e9cord\u00bb, detall\u00f3 el ministro en su cuenta oficial de Twitter.<\/p>\n<p>1. La actividad creci\u00f3 6% en el 1\u00b0 trimestre<\/p>\n<p>2. El desempleo alcanz\u00f3 el nivel + bajo desde 2016 (7.7%; 1\u00b0T 2022)<\/p>\n<p>3. Las ventas en supermercados registraron mejor abril en 4 a\u00f1os<\/p>\n<p>4. Las exportaciones acumuladas a abril son r\u00e9cord<\/p>\n<p>L\u00f3pez destac\u00f3 en un hilo que \u00abel Estimador Mensual de Actividad Econ\u00f3mica (EMAPBA) creci\u00f3 6% respecto del mismo per\u00edodo del a\u00f1o anterior, y ya acumula 5 trimestres de crecimiento interanual consecutivo\u00bb.<\/p>\n<p>\u00abEl aumento en la actividad econ\u00f3mica se refleja en menores tasas de desempleo\u00bb, asegur\u00f3 el titular de la cartera de Hacienda y Finanzas.<\/p>\n<p>L\u00f3pez precis\u00f3 que \u00aben el 1\u00b0 trimestre, el desempleo fue del 7,7%, el m\u00e1s bajo desde el comienzo de la serie en 2016 y agreg\u00f3: \u00abSabemos que queda mucho por delante: debemos profundizar esta tendencia\u00bb al explicar que \u00abla ca\u00edda del desempleo se explica principalmente por el desempe\u00f1o de las mujeres (-5,2 p.p. interanual)\u00bb.<\/p>\n<p>\u00abEste resultado debe ser un aliciente para profundizar las pol\u00edticas orientadas a reducir brechas, como el Presupuesto con Perspectiva de G\u00e9nero\u00bb, sostuvo.<\/p>\n<p>Tambi\u00e9n destac\u00f3 en su hilo que \u00aben abril, el consumo en supermercados recuper\u00f3 la din\u00e1mica de crecimiento, que hab\u00eda sido interrumpida en marzo\u00bb.<\/p>\n<p>\u00abLas ventas crecieron 3,4% en valores constantes y superaron los $60.000 millones, constituyendo el mejor abril de los \u00faltimos 4 a\u00f1os\u00bb, puntualiz\u00f3.<\/p>\n<p>L\u00f3pez inform\u00f3 que \u00abde la mano de la actividad interna, las exportaciones bonaerenses consolidan su trayectoria de crecimiento. Luego del m\u00e1ximo anual de 2021, las exportaciones acumuladas a abril de 2022 son las m\u00e1s altas de las que se tiene registro\u00bb.<\/p>\n<p>\u00abEn @BAProvincia creemos que el desempe\u00f1o del trabajo, consumo, inversi\u00f3n y sector externo son clave para alcanzar un modelo de crecimiento sostenible e inclusivo. Sabemos que es necesario mejorar los ingresos y estamos trabajando para eso. El rol del Estado es y ser\u00e1 fundamental\u00bb, concluy\u00f3 en su posteo.<\/p>\n<p>&nbsp;<\/p>\n<p>&nbsp;<\/p>\n","protected":false},"excerpt":{"rendered":"<p>&nbsp; Adem\u00e1s, destac\u00f3 que la desocupaci\u00f3n \u00abalcanz\u00f3 el nivel m\u00e1s bajo desde 2016\u00bb. El ministro de Hacienda y Finanzas bonaerense,<\/p>\n","protected":false},"author":1,"featured_media":62472,"comment_status":"closed","ping_status":"closed","sticky":false,"template":"","format":"standard","meta":{"kia_subtitle":"","footnotes":"","jetpack_publicize_message":"L\u00f3pez: \u201cEl aumento en la actividad econ\u00f3mica se refleja en menores tasas de desempleo\u201d","jetpack_publicize_feature_enabled":true,"jetpack_social_post_already_shared":true,"jetpack_social_options":{"image_generator_settings":{"template":"highway","default_image_id":0,"font":"","enabled":false},"version":2}},"categories":[3,56],"tags":[],"class_list":["post-78452","post","type-post","status-publish","format-standard","has-post-thumbnail","hentry","category-actualidad","category-buenos-aires"],"jetpack_publicize_connections":[],"jetpack_featured_media_url":"https:\/\/laurbedigital.com.ar\/noticias\/wp-content\/uploads\/2021\/09\/20210929-Pablo-Lopez.jpg","_links":{"self":[{"href":"https:\/\/laurbedigital.com.ar\/noticias\/wp-json\/wp\/v2\/posts\/78452","targetHints":{"allow":["GET"]}}],"collection":[{"href":"https:\/\/laurbedigital.com.ar\/noticias\/wp-json\/wp\/v2\/posts"}],"about":[{"href":"https:\/\/laurbedigital.com.ar\/noticias\/wp-json\/wp\/v2\/types\/post"}],"author":[{"embeddable":true,"href":"https:\/\/laurbedigital.com.ar\/noticias\/wp-json\/wp\/v2\/users\/1"}],"replies":[{"embeddable":true,"href":"https:\/\/laurbedigital.com.ar\/noticias\/wp-json\/wp\/v2\/comments?post=78452"}],"version-history":[{"count":2,"href":"https:\/\/laurbedigital.com.ar\/noticias\/wp-json\/wp\/v2\/posts\/78452\/revisions"}],"predecessor-version":[{"id":78454,"href":"https:\/\/laurbedigital.com.ar\/noticias\/wp-json\/wp\/v2\/posts\/78452\/revisions\/78454"}],"wp:featuredmedia":[{"embeddable":true,"href":"https:\/\/laurbedigital.com.ar\/noticias\/wp-json\/wp\/v2\/media\/62472"}],"wp:attachment":[{"href":"https:\/\/laurbedigital.com.ar\/noticias\/wp-json\/wp\/v2\/media?parent=78452"}],"wp:term":[{"taxonomy":"category","embeddable":true,"href":"https:\/\/laurbedigital.com.ar\/noticias\/wp-json\/wp\/v2\/categories?post=78452"},{"taxonomy":"post_tag","embeddable":true,"href":"https:\/\/laurbedigital.com.ar\/noticias\/wp-json\/wp\/v2\/tags?post=78452"}],"curies":[{"name":"wp","href":"https:\/\/api.w.org\/{rel}","templated":true}]}}