{"id":78366,"date":"2023-06-29T00:08:30","date_gmt":"2023-06-29T03:08:30","guid":{"rendered":"https:\/\/laurbedigital.com.ar\/noticias\/?p=78366"},"modified":"2023-06-29T01:24:19","modified_gmt":"2023-06-29T04:24:19","slug":"efemerides-del-29-de-junio-que-se-conmemora","status":"publish","type":"post","link":"https:\/\/laurbedigital.com.ar\/noticias\/2023\/06\/29\/efemerides-del-29-de-junio-que-se-conmemora\/","title":{"rendered":"Efem\u00e9rides del 29 de junio: \u00bfqu\u00e9 se conmemora?"},"content":{"rendered":"<p>&nbsp;<\/p>\n<h5>Conoc\u00e9 cu\u00e1les son las efem\u00e9rides del 29 de junio, fecha en la que se conmemoran diversas fechas importantes en la Argentina y el mundo.<\/h5>\n<p><b>1900 &#8211; SAINT EXUPERY.<\/b>\u00a0Nace en la ciudad francesa de Lyon el aviador y escritor Antoine de Saint Exup\u00e9ry, autor del famoso libro \u00abEl Principito\u00bb. Public\u00f3 doce obras.<\/p>\n<p><b>1986 &#8211; ARGENTINA CAMPE\u00d3N.<\/b>\u00a0Dirigida por Carlos Salvador Bilardo y con Diego Maradona como figura, la selecci\u00f3n argentina gana su segunda Copa del Mundo al vencer por 3-2 a Alemania en la final del Mundial de M\u00e9xico \u201886 disputada en el estadio Azteca de la capital mexicana.<\/p>\n<p><b>1987 &#8211; JUAN D. PER\u00d3N.<\/b>\u00a0En el cementerio de La Chacarita de Buenos Aires es profanada la tumba del ex presidente y general Juan Domingo Per\u00f3n, a cuyos restos le amputan las manos, crimen que permanece impune. Los restos de Per\u00f3n descansan hoy en un cenotafio en la quinta de San Vicente donde vivi\u00f3 con su segunda esposa, Mar\u00eda Eva Duarte.<\/p>\n<p><b>2000 &#8211; VITTORIO GASSMAN.<\/b>\u00a0A los 77 a\u00f1os de edad muere en Roma el actor y cineasta italiano Vittorio Gassman, ganador del Premio Cannes de 1975 por su actuaci\u00f3n en la pel\u00edcula Perfume de mujer. Film\u00f3 m\u00e1s de 50 pel\u00edculas<\/p>\n<p><b>2004 &#8211; ASEGURAR A MESSI.<\/b> Un amistoso de la selecci\u00f3n argentina sub-20 con la de Paraguay sirve para asegurar que Lionel Messi, de 16 a\u00f1os y estrella juvenil del Barcelona espa\u00f1ol, no fuera reclutado por Espa\u00f1a. Se dice que en el apuro se lo nombr\u00f3 \u201cLionel Mecci\u201d en el fax de citaci\u00f3n enviado al Barcelona.<\/p>\n<p><b>2009 &#8211; BERNARD MADOFF.<\/b>\u00a0Un tribunal de la ciudad de Nueva York condena al financista Bernard Madoff a 150 a\u00f1os de prisi\u00f3n por once cargos de fraude por valor de unos 50.000 millones de d\u00f3lares, uno de los mayores esc\u00e1ndalos financieros en Estados Unidos.<\/p>\n<p><b>2012 &#8211; JUAN A. BAD\u00cdA.<\/b>\u00a0Muere en Buenos Aires, a la edad de 65 a\u00f1os, el popular locutor y conductor de radio y televisi\u00f3n Juan Alberto Bad\u00eda, ganador de siete premios Mart\u00edn Fierro y de dos Konex. Bad\u00eda fue uno de los art\u00edfices de la \u201cbeatleman\u00eda\u201d en la Argentina.<\/p>\n<p><b>2019 &#8211; H\u00c9CTOR R. GARCIA.<\/b>\u00a0A la edad de 86 a\u00f1os fallece en Buenos Aires el fot\u00f3grafo, periodista y empresario H\u00e9ctor Ricardo Garc\u00eda, fundador del diario Cr\u00f3nica y del canal de televisi\u00f3n Cr\u00f3nica TV.<\/p>\n<p><b>2022 &#8211; D\u00cdA DEL PAPA.<\/b>\u00a0Cristianos cat\u00f3licos y ortodoxos celebran la Fiesta de San Pedro y San Pablo en conmemoraci\u00f3n del martirio en Roma de los ap\u00f3stoles Sim\u00f3n Pedro, el primer papa, y del ap\u00f3stol Pablo de Tarso.<\/p>\n<p>&nbsp;<\/p>\n<p>&nbsp;<\/p>\n","protected":false},"excerpt":{"rendered":"<p>&nbsp; Conoc\u00e9 cu\u00e1les son las efem\u00e9rides del 29 de junio, fecha en la que se conmemoran diversas fechas importantes en<\/p>\n","protected":false},"author":1,"featured_media":78367,"comment_status":"closed","ping_status":"closed","sticky":false,"template":"","format":"standard","meta":{"kia_subtitle":"","footnotes":"","jetpack_publicize_message":"Efem\u00e9rides del 29 de junio: \u00bfqu\u00e9 se conmemora?","jetpack_publicize_feature_enabled":true,"jetpack_social_post_already_shared":true,"jetpack_social_options":{"image_generator_settings":{"template":"highway","default_image_id":0,"font":"","enabled":false},"version":2}},"categories":[5,2594],"tags":[],"class_list":["post-78366","post","type-post","status-publish","format-standard","has-post-thumbnail","hentry","category-cultura","category-efemerides"],"jetpack_publicize_connections":[],"jetpack_featured_media_url":"https:\/\/laurbedigital.com.ar\/noticias\/wp-content\/uploads\/2022\/06\/20220629-Maradona.jpg","_links":{"self":[{"href":"https:\/\/laurbedigital.com.ar\/noticias\/wp-json\/wp\/v2\/posts\/78366","targetHints":{"allow":["GET"]}}],"collection":[{"href":"https:\/\/laurbedigital.com.ar\/noticias\/wp-json\/wp\/v2\/posts"}],"about":[{"href":"https:\/\/laurbedigital.com.ar\/noticias\/wp-json\/wp\/v2\/types\/post"}],"author":[{"embeddable":true,"href":"https:\/\/laurbedigital.com.ar\/noticias\/wp-json\/wp\/v2\/users\/1"}],"replies":[{"embeddable":true,"href":"https:\/\/laurbedigital.com.ar\/noticias\/wp-json\/wp\/v2\/comments?post=78366"}],"version-history":[{"count":4,"href":"https:\/\/laurbedigital.com.ar\/noticias\/wp-json\/wp\/v2\/posts\/78366\/revisions"}],"predecessor-version":[{"id":93088,"href":"https:\/\/laurbedigital.com.ar\/noticias\/wp-json\/wp\/v2\/posts\/78366\/revisions\/93088"}],"wp:featuredmedia":[{"embeddable":true,"href":"https:\/\/laurbedigital.com.ar\/noticias\/wp-json\/wp\/v2\/media\/78367"}],"wp:attachment":[{"href":"https:\/\/laurbedigital.com.ar\/noticias\/wp-json\/wp\/v2\/media?parent=78366"}],"wp:term":[{"taxonomy":"category","embeddable":true,"href":"https:\/\/laurbedigital.com.ar\/noticias\/wp-json\/wp\/v2\/categories?post=78366"},{"taxonomy":"post_tag","embeddable":true,"href":"https:\/\/laurbedigital.com.ar\/noticias\/wp-json\/wp\/v2\/tags?post=78366"}],"curies":[{"name":"wp","href":"https:\/\/api.w.org\/{rel}","templated":true}]}}