{"id":78342,"date":"2022-06-28T21:35:56","date_gmt":"2022-06-29T00:35:56","guid":{"rendered":"https:\/\/laurbedigital.com.ar\/noticias\/?p=78342"},"modified":"2022-06-28T17:42:00","modified_gmt":"2022-06-28T20:42:00","slug":"pba-se-anotaron-mas-de-30-mil-estudiantes-para-la-segunda-edicion-de-viajes-de-fin-de-curso","status":"publish","type":"post","link":"https:\/\/laurbedigital.com.ar\/noticias\/2022\/06\/28\/pba-se-anotaron-mas-de-30-mil-estudiantes-para-la-segunda-edicion-de-viajes-de-fin-de-curso\/","title":{"rendered":"PBA: Se anotaron m\u00e1s de 30 mil estudiantes para la segunda edici\u00f3n\u00a0de viajes de fin de curso"},"content":{"rendered":"<p>&nbsp;<\/p>\n<h5>Desde la Subsecretar\u00eda de Turismo bonaerense confirmaron que, desde su implementaci\u00f3n, la iniciativa permiti\u00f3 crear 500 puestos de trabajo.<\/h5>\n<p>La subsecretaria de Turismo bonaerense,\u00a0<strong>Soledad\u00a0<\/strong><strong>Mart\u00ednez<\/strong>, confirm\u00f3 que unos 30 mil alumnos ya se anotaron para la segunda edici\u00f3n de los viajes de fin de curso y confirm\u00f3 que la iniciativa ya permiti\u00f3 crear 500 puestos de trabajo.<\/p>\n<p>En di\u00e1logo con\u00a0<em>Radio<\/em>\u00a0<em>Provincia<\/em>, Mart\u00ednez destac\u00f3 que la propuesta \u201ciguala y garantiza el acceso a todos los estudiantes a tener un viaje de egresado\u201d, y adem\u00e1s promueve el turismo en temporada baja.<\/p>\n<div>Acto seguido, precis\u00f3 que \u201cla primera etapa del programa fue una grata sorpresa. Los chicos disfrutaron much\u00edsimo. Alrededor de 30 mil estudiantes recorrieron diversos destinos bonaerenses. Y esperamos que en esta nueva edici\u00f3n, la inscripci\u00f3n sea m\u00e1s masiva porque los chicos ya volvieron a las escuelas. Ya van 30 mil inscriptos desde que se relanz\u00f3 el programa el viernes pasado\u201d.<\/div>\n<div>\n<p dir=\"ltr\">La funcionaria bonaerense remarc\u00f3 que el registro estar\u00e1 abierto \u201chasta el 31 de julio y la \u00fanica condici\u00f3n es ser estudiante del \u00faltimo a\u00f1o de la secundaria\u201d.<\/p>\n<\/div>\n<div>\n<p dir=\"ltr\">Agreg\u00f3 que tambien \u201cincluye a los chicos de escuelas p\u00fablicas, privadas y de educaci\u00f3n especial porque esta pol\u00edtica iguala y garantiza el acceso a todos los estudiantes a tener un viaje de egresados\u201d.<\/p>\n<\/div>\n<div>\n<p dir=\"ltr\">Asimismo, Mart\u00ednez calific\u00f3 a esta iniciativa como \u201credonda\u201d porque \u201ctambi\u00e9n tienen la mirada puesta en lo productivo, en reactivar la actividad tur\u00edstica en temporada baja\u201d.<\/p>\n<\/div>\n<div>\n<p dir=\"ltr\">\u201cEste programa permite la sostenibilidad de un mont\u00f3n de puestos de trabajo, que, por la estacionalidad del turismo, suele mermar en la \u00e9poca del a\u00f1o que se van a realizar los viajes. De hecho, en la primera edici\u00f3n se crearon 500 nuevos puestos de trabajo solamente para atender el tr\u00e1nsito de estos chicos por la Provincia\u201d, detall\u00f3.<\/p>\n<\/div>\n<div>\n<p dir=\"ltr\">Por \u00faltimo, la subsecretaria de Turismo bonaerense record\u00f3 que en la primera edici\u00f3n, la mayor\u00eda de los chicos \u201cnunca hab\u00eda salido de su domicilio de origen\u201d. Y agreg\u00f3 que los destinos m\u00e1s elegidos fueron las playas y las sierras de Tandil y La Ventana. Sin embargo, \u201ctambi\u00e9n queremos instalar nuevos destinos tur\u00edsticos como Exaltaci\u00f3n de la Cruz o Escobar. All\u00ed los chicos pueden hacer caminatas por senderos, cabalgatas, disfrutar de pileta al aire libre, visitar el jard\u00edn bot\u00e1nico, el parque Temaik\u00e9n, practicar paintball y una gran diversidad de actividades nocturnas\u201d, concluy\u00f3. adn<\/p>\n<\/div>\n","protected":false},"excerpt":{"rendered":"<p>&nbsp; Desde la Subsecretar\u00eda de Turismo bonaerense confirmaron que, desde su implementaci\u00f3n, la iniciativa permiti\u00f3 crear 500 puestos de trabajo.<\/p>\n","protected":false},"author":1,"featured_media":78339,"comment_status":"closed","ping_status":"closed","sticky":false,"template":"","format":"standard","meta":{"kia_subtitle":"","footnotes":"","jetpack_publicize_message":"PBA: Se anotaron m\u00e1s de 30 mil estudiantes para la segunda edici\u00f3n\u00a0de viajes de fin de curso","jetpack_publicize_feature_enabled":true,"jetpack_social_post_already_shared":true,"jetpack_social_options":{"image_generator_settings":{"template":"highway","default_image_id":0,"font":"","enabled":false},"version":2}},"categories":[3,56],"tags":[],"class_list":["post-78342","post","type-post","status-publish","format-standard","has-post-thumbnail","hentry","category-actualidad","category-buenos-aires"],"jetpack_publicize_connections":[],"jetpack_featured_media_url":"https:\/\/laurbedigital.com.ar\/noticias\/wp-content\/uploads\/2022\/06\/20220629-PBA-VIAJE-EGRESADOS.jpg","_links":{"self":[{"href":"https:\/\/laurbedigital.com.ar\/noticias\/wp-json\/wp\/v2\/posts\/78342","targetHints":{"allow":["GET"]}}],"collection":[{"href":"https:\/\/laurbedigital.com.ar\/noticias\/wp-json\/wp\/v2\/posts"}],"about":[{"href":"https:\/\/laurbedigital.com.ar\/noticias\/wp-json\/wp\/v2\/types\/post"}],"author":[{"embeddable":true,"href":"https:\/\/laurbedigital.com.ar\/noticias\/wp-json\/wp\/v2\/users\/1"}],"replies":[{"embeddable":true,"href":"https:\/\/laurbedigital.com.ar\/noticias\/wp-json\/wp\/v2\/comments?post=78342"}],"version-history":[{"count":3,"href":"https:\/\/laurbedigital.com.ar\/noticias\/wp-json\/wp\/v2\/posts\/78342\/revisions"}],"predecessor-version":[{"id":78345,"href":"https:\/\/laurbedigital.com.ar\/noticias\/wp-json\/wp\/v2\/posts\/78342\/revisions\/78345"}],"wp:featuredmedia":[{"embeddable":true,"href":"https:\/\/laurbedigital.com.ar\/noticias\/wp-json\/wp\/v2\/media\/78339"}],"wp:attachment":[{"href":"https:\/\/laurbedigital.com.ar\/noticias\/wp-json\/wp\/v2\/media?parent=78342"}],"wp:term":[{"taxonomy":"category","embeddable":true,"href":"https:\/\/laurbedigital.com.ar\/noticias\/wp-json\/wp\/v2\/categories?post=78342"},{"taxonomy":"post_tag","embeddable":true,"href":"https:\/\/laurbedigital.com.ar\/noticias\/wp-json\/wp\/v2\/tags?post=78342"}],"curies":[{"name":"wp","href":"https:\/\/api.w.org\/{rel}","templated":true}]}}