{"id":7823,"date":"2017-07-25T00:07:40","date_gmt":"2017-07-25T03:07:40","guid":{"rendered":"http:\/\/laurbedigital.com.ar\/noticias\/?p=7823"},"modified":"2017-07-25T00:07:40","modified_gmt":"2017-07-25T03:07:40","slug":"cresta-roja-militarizada-no-ingreso-ningun-trabajador","status":"publish","type":"post","link":"https:\/\/laurbedigital.com.ar\/noticias\/2017\/07\/25\/cresta-roja-militarizada-no-ingreso-ningun-trabajador\/","title":{"rendered":"Cresta Roja militarizada: no ingres\u00f3 ning\u00fan trabajador"},"content":{"rendered":"<p>La planta de Cresta Roja en El Jag\u00fcel donde el presidente Mauricio Macri vet\u00f3 la ley antidespidos est\u00e1 totalmente cerrada con candados en sus portones. Los mil trabajadores de la f\u00e1brica no pudieron ingresar y quedaron afuera junto a los 50 despedidos de la semana pasada. En tanto, cientos de efectivos de Infanter\u00eda y de Gendarmer\u00eda desplegaron un enorme operativo para impedir cortes en la autopista Richieri.<\/p>\n<p>Mauricio Alberto asegur\u00f3 en di\u00e1logo con V\u00edctor Hugo Morales por AM 750 que \u201choy no pudo ingresar ninguno de los trabajadores. Desde el viernes cerraron los portones. Adentro est\u00e1 la Polic\u00eda y ahora se suma Gendarmer\u00eda, la empresa est\u00e1 totalmente militarizada y las puertas con candados\u201d.<\/p>\n<p>\u201cQuedamos todos en la calle\u201d, lament\u00f3 el operario con 18 a\u00f1os de antiguedad en Cresta Roja. \u201cLa empresa no acat\u00f3 la conciliaci\u00f3n obligatoria. Hoy no entr\u00f3 nadie, la f\u00e1brica est\u00e1 totalmente apagada, con candado\u201d.<\/p>\n<p>En mayo de 2016, el presidente Macri fue a la planta para anunciar el veto de la ley antidespidos y prometer que no iban a echar m\u00e1s trabajadores en Cresta Roja. En ese entonces, el mandatario hab\u00eda estado acompa\u00f1ado por Mar\u00eda Eugenia Vidal. \u201cCresta Roja es un s\u00edmbolo de que s\u00ed se puede\u201d, lleg\u00f3 a decir la gobernadora.<\/p>\n<p>El operario, hoy en la calle junto a todos sus compa\u00f1eros, asegur\u00f3: \u201cCuando vino la gobernadora Vidal nosotros le cre\u00edmos. Tenemos compa\u00f1eros enfermos, son muchos conflictos\u201d.<\/p>\n<p>\u201cAc\u00e1 se vino a vetar una ley. Nosotros en ese momento tratamos de acompa\u00f1ar al Gobierno, ahora nos arrepentimos. Pecamos de ingenuos. Les pedimos que nos den una mano, despu\u00e9s de las elecciones no s\u00e9 qu\u00e9 puede pasar\u201d, se sincer\u00f3.<\/p>\n","protected":false},"excerpt":{"rendered":"<p>La planta de Cresta Roja en El Jag\u00fcel donde el presidente Mauricio Macri vet\u00f3 la ley antidespidos est\u00e1 totalmente cerrada<\/p>\n","protected":false},"author":1,"featured_media":7824,"comment_status":"closed","ping_status":"closed","sticky":false,"template":"","format":"standard","meta":{"kia_subtitle":"","footnotes":"","jetpack_publicize_message":"","jetpack_publicize_feature_enabled":true,"jetpack_social_post_already_shared":true,"jetpack_social_options":{"image_generator_settings":{"template":"highway","default_image_id":0,"font":"","enabled":false},"version":2}},"categories":[13,22],"tags":[],"class_list":["post-7823","post","type-post","status-publish","format-standard","has-post-thumbnail","hentry","category-region","category-esteban-echeverria"],"jetpack_publicize_connections":[],"jetpack_featured_media_url":"https:\/\/laurbedigital.com.ar\/noticias\/wp-content\/uploads\/2017\/07\/20170724-region.jpg","_links":{"self":[{"href":"https:\/\/laurbedigital.com.ar\/noticias\/wp-json\/wp\/v2\/posts\/7823","targetHints":{"allow":["GET"]}}],"collection":[{"href":"https:\/\/laurbedigital.com.ar\/noticias\/wp-json\/wp\/v2\/posts"}],"about":[{"href":"https:\/\/laurbedigital.com.ar\/noticias\/wp-json\/wp\/v2\/types\/post"}],"author":[{"embeddable":true,"href":"https:\/\/laurbedigital.com.ar\/noticias\/wp-json\/wp\/v2\/users\/1"}],"replies":[{"embeddable":true,"href":"https:\/\/laurbedigital.com.ar\/noticias\/wp-json\/wp\/v2\/comments?post=7823"}],"version-history":[{"count":1,"href":"https:\/\/laurbedigital.com.ar\/noticias\/wp-json\/wp\/v2\/posts\/7823\/revisions"}],"predecessor-version":[{"id":7825,"href":"https:\/\/laurbedigital.com.ar\/noticias\/wp-json\/wp\/v2\/posts\/7823\/revisions\/7825"}],"wp:featuredmedia":[{"embeddable":true,"href":"https:\/\/laurbedigital.com.ar\/noticias\/wp-json\/wp\/v2\/media\/7824"}],"wp:attachment":[{"href":"https:\/\/laurbedigital.com.ar\/noticias\/wp-json\/wp\/v2\/media?parent=7823"}],"wp:term":[{"taxonomy":"category","embeddable":true,"href":"https:\/\/laurbedigital.com.ar\/noticias\/wp-json\/wp\/v2\/categories?post=7823"},{"taxonomy":"post_tag","embeddable":true,"href":"https:\/\/laurbedigital.com.ar\/noticias\/wp-json\/wp\/v2\/tags?post=7823"}],"curies":[{"name":"wp","href":"https:\/\/api.w.org\/{rel}","templated":true}]}}