{"id":78199,"date":"2022-06-26T08:19:36","date_gmt":"2022-06-26T11:19:36","guid":{"rendered":"https:\/\/laurbedigital.com.ar\/noticias\/?p=78199"},"modified":"2022-06-25T22:25:38","modified_gmt":"2022-06-26T01:25:38","slug":"la-secretaria-de-derechos-humanos-de-la-nacion-senalizo-como-sitio-de-memoria-la-casa-donde-se-cometio-la-masacre-de-monte-grande","status":"publish","type":"post","link":"https:\/\/laurbedigital.com.ar\/noticias\/2022\/06\/26\/la-secretaria-de-derechos-humanos-de-la-nacion-senalizo-como-sitio-de-memoria-la-casa-donde-se-cometio-la-masacre-de-monte-grande\/","title":{"rendered":"La Secretar\u00eda de Derechos Humanos de la Naci\u00f3n se\u00f1aliz\u00f3 como sitio de memoria la casa donde se cometi\u00f3 la masacre de Monte Grande"},"content":{"rendered":"<p>&nbsp;<\/p>\n<h5>En ese lugar, diecis\u00e9is personas que hab\u00edan estado secuestradas en el centro clandestino de detenci\u00f3n, tortura y exterminio \u201cEl Vesubio\u201d fueron asesinadas el 24 de mayo de 1977.<\/h5>\n<p>La Secretar\u00eda de Derechos Humanos, junto con la Subsecretar\u00eda de Promoci\u00f3n de Derechos Humanos de la provincia de Buenos Aires, se\u00f1aliz\u00f3 la casa donde se cometi\u00f3 la masacre de Monte Grande.<\/p>\n<p>\u201cLas se\u00f1alizaciones son instancias movilizantes, nos va a doler toda la vida cada ausencia de cada compa\u00f1ero, de cada compa\u00f1era, de cada familiar, porque entendemos que somos producto de un colectivo, de la organizaci\u00f3n, de la trascendencia, de lo que nos dejaron y de lo que queremos construir\u00bb, afirm\u00f3 el secretario Horacio Pietragalla Corti durante el acto. Adem\u00e1s, a\u00f1adi\u00f3: \u00abEsta casa tiene que ser un espacio del pueblo y de la militancia, parte de los organismos de derechos humanos\u00bb.<\/p>\n<p>Del encuentro participaron el secretario de Derechos Humanos de la Naci\u00f3n, Horacio Pietragalla Corti; el ministro de la Embajada de Alemania Ralf Horlemann; el subsecretario de Derechos Humanos de la provincia de Buenos Aires, Mat\u00edas Moreno; la directora nacional de sitios y espacios de la memoria Lorena Battistiol y su par provincial Gustavo Moreno; junto a funcionarios y familiares y amigos de detenidos desaparecidos y ex presos pol\u00edticos.<\/p>\n<p><img loading=\"lazy\" decoding=\"async\" class=\"alignnone size-full wp-image-78188\" src=\"https:\/\/laurbedigital.com.ar\/noticias\/wp-content\/uploads\/2022\/06\/20220625-Monte-Grande1.jpg\" alt=\"\" width=\"768\" height=\"413\" title=\"\" srcset=\"https:\/\/laurbedigital.com.ar\/noticias\/wp-content\/uploads\/2022\/06\/20220625-Monte-Grande1.jpg 768w, https:\/\/laurbedigital.com.ar\/noticias\/wp-content\/uploads\/2022\/06\/20220625-Monte-Grande1-300x161.jpg 300w\" sizes=\"auto, (max-width: 768px) 100vw, 768px\" \/><\/p>\n<p>En el lugar se\u00f1alizado fueron asesinadas diecis\u00e9is personas perseguidas por su militancia social, pol\u00edtica, universitaria y sindical, en el marco del plan sistem\u00e1tico de terror y exterminio llevado adelante por la \u00faltima dictadura c\u00edvico-militar (1976-1983).<\/p>\n<p>Testimonios incluidos en causas judiciales y en el Archivo Nacional de la Memoria permitieron reconstruir que las v\u00edctimas hab\u00edan sido secuestradas por Fuerzas Armadas y de Seguridad, y recluidas en el centro clandestino de detenci\u00f3n, tortura y exterminio \u00abEl Vesubio\u00bb. La noche del 23 de mayo de 1977 fueron trasladadas hasta esta propiedad y fusiladas durante la madrugada siguiente.<\/p>\n<p>Sus nombres eran Esteban Andreani, Juli\u00e1n Bernat, Mar\u00eda Cristina Bernat, Daniel Ciuffo, Luis De Crist\u00f3faro, Luis Fabbri, Nelo Gasparini, Luis Mar\u00eda Gemetro, Claudio Giombini, Rodolfo Gold\u00edn, Miguel Harasymiw, Elisabeth K\u00e4semann, Catalina Oviedo, Mario Sgroi y otras dos mujeres que no pudieron ser identificadas. Militaban en Juventud Universitaria Peronista, Montoneros, Organizaci\u00f3n Comunista Poder Obrero (OCPO) y Partido Revolucionario de los Trabajadores (PRT).<\/p>\n<p>El Tribunal Oral Federal N\u00b0 4 de Capital Federal, en el marco del juicio por los cr\u00edmenes de lesa humanidad cometidos en \u00abEl Vesubio\u00bb, conden\u00f3, en etapas sucesivas en 2011, 2014 y 2022, a algunos de los responsables de esta masacre. La responsabilidad directa contin\u00faa siendo investigada por la Justicia.<\/p>\n<p>La se\u00f1alizaci\u00f3n de los ex centros clandestinos de detenci\u00f3n y de otros lugares donde sucedieron hechos emblem\u00e1ticos durante el terrorismo de Estado, a trav\u00e9s de la Ley Nacional N\u00b0 26.691, los hace visibles y expresa en el espacio p\u00fablico el compromiso del Estado democr\u00e1tico de dar a conocer y condenar los delitos all\u00ed cometidos, acompa\u00f1a el juzgamiento de sus responsables y efectiviza el reconocimiento hacia las v\u00edctimas y sus familiares.<\/p>\n<p>&nbsp;<\/p>\n<p>&nbsp;<\/p>\n<p>&nbsp;<\/p>\n","protected":false},"excerpt":{"rendered":"<p>&nbsp; En ese lugar, diecis\u00e9is personas que hab\u00edan estado secuestradas en el centro clandestino de detenci\u00f3n, tortura y exterminio \u201cEl<\/p>\n","protected":false},"author":1,"featured_media":78188,"comment_status":"closed","ping_status":"closed","sticky":false,"template":"","format":"standard","meta":{"kia_subtitle":"","footnotes":"","jetpack_publicize_message":"La Secretar\u00eda de Derechos Humanos de la Naci\u00f3n se\u00f1aliz\u00f3 como sitio de memoria la casa donde se cometi\u00f3 la masacre de Monte Grande","jetpack_publicize_feature_enabled":true,"jetpack_social_post_already_shared":true,"jetpack_social_options":{"image_generator_settings":{"template":"highway","default_image_id":0,"font":"","enabled":false},"version":2}},"categories":[13,22],"tags":[],"class_list":["post-78199","post","type-post","status-publish","format-standard","has-post-thumbnail","hentry","category-region","category-esteban-echeverria"],"jetpack_publicize_connections":[],"jetpack_featured_media_url":"https:\/\/laurbedigital.com.ar\/noticias\/wp-content\/uploads\/2022\/06\/20220625-Monte-Grande1.jpg","_links":{"self":[{"href":"https:\/\/laurbedigital.com.ar\/noticias\/wp-json\/wp\/v2\/posts\/78199","targetHints":{"allow":["GET"]}}],"collection":[{"href":"https:\/\/laurbedigital.com.ar\/noticias\/wp-json\/wp\/v2\/posts"}],"about":[{"href":"https:\/\/laurbedigital.com.ar\/noticias\/wp-json\/wp\/v2\/types\/post"}],"author":[{"embeddable":true,"href":"https:\/\/laurbedigital.com.ar\/noticias\/wp-json\/wp\/v2\/users\/1"}],"replies":[{"embeddable":true,"href":"https:\/\/laurbedigital.com.ar\/noticias\/wp-json\/wp\/v2\/comments?post=78199"}],"version-history":[{"count":2,"href":"https:\/\/laurbedigital.com.ar\/noticias\/wp-json\/wp\/v2\/posts\/78199\/revisions"}],"predecessor-version":[{"id":78201,"href":"https:\/\/laurbedigital.com.ar\/noticias\/wp-json\/wp\/v2\/posts\/78199\/revisions\/78201"}],"wp:featuredmedia":[{"embeddable":true,"href":"https:\/\/laurbedigital.com.ar\/noticias\/wp-json\/wp\/v2\/media\/78188"}],"wp:attachment":[{"href":"https:\/\/laurbedigital.com.ar\/noticias\/wp-json\/wp\/v2\/media?parent=78199"}],"wp:term":[{"taxonomy":"category","embeddable":true,"href":"https:\/\/laurbedigital.com.ar\/noticias\/wp-json\/wp\/v2\/categories?post=78199"},{"taxonomy":"post_tag","embeddable":true,"href":"https:\/\/laurbedigital.com.ar\/noticias\/wp-json\/wp\/v2\/tags?post=78199"}],"curies":[{"name":"wp","href":"https:\/\/api.w.org\/{rel}","templated":true}]}}